{"id":10711,"date":"2025-06-10T10:20:53","date_gmt":"2025-06-10T13:20:53","guid":{"rendered":"https:\/\/atimilplast.com.br\/loja\/?p=9924"},"modified":"2025-09-29T07:30:01","modified_gmt":"2025-09-29T10:30:01","slug":"para-que-serve-e-onde-pode-ser-utilizado-o-carro-cuba-de-plastico","status":"publish","type":"post","link":"https:\/\/atimilplast.com.br\/loja\/para-que-serve-e-onde-pode-ser-utilizado-o-carro-cuba-de-plastico\/","title":{"rendered":"Para que serve e onde pode ser utilizado o carro cuba de pl\u00e1stico?"},"content":{"rendered":"<p class=\"text-body font-regular leading-[24px] pt-[9px] pb-[2px]\" dir=\"ltr\">O carro cuba de pl\u00e1stico \u00e9 uma solu\u00e7\u00e3o vers\u00e1til e indispens\u00e1vel em diversos setores. Apesar de muitas vezes passar despercebido, ele desempenha um papel crucial no transporte, armazenamento e manuseio de materiais. <strong>Mas para que exatamente serve esse equipamento e onde ele pode ser utilizado?<\/strong><\/p>\n<p class=\"text-body font-regular leading-[24px] pt-[9px] pb-[2px]\" dir=\"ltr\"><strong>Neste post, vamos detalhar as fun\u00e7\u00f5es, os benef\u00edcios e as aplica\u00e7\u00f5es pr\u00e1ticas do carro cuba de pl\u00e1stico.<\/strong><\/p>\n<p dir=\"ltr\">\t\t<div class=\"web-stories-list alignnone has-archive-link is-view-type-circles is-style-default is-carousel\" data-id=\"1\">\n\t\t\t<div\n\t\t\tclass=\"web-stories-list__inner-wrapper carousel-1\"\n\t\t\tstyle=\"--ws-circle-size:150px\"\n\t\t\t>\n\t\t\t\t\t\t\t\t\t<div\n\t\t\t\t\tclass=\"web-stories-list__carousel circles\"\n\t\t\t\t\tdata-id=\"carousel-1\"\n\t\t\t\t\tdata-prev=\"Voltar\"\n\t\t\t\t\tdata-next=\"Avan\u00e7ar\"\n\t\t\t\t\t>\n\t\t\t\t\t\t\t\t\t<div\n\t\t\t\tclass=\"web-stories-list__story\"\n\t\t\t\tdata-wp-interactive=\"web-stories-block\"\n\t\t\t\tdata-wp-context='{\"instanceId\":1}'\t\t\t\tdata-wp-on--click=\"actions.open\"\n\t\t\t\tdata-wp-on-window--popstate=\"actions.onPopstate\"\n\t\t\t\t>\n\t\t\t\t\t\t\t<div class=\"web-stories-list__story-poster\">\n\t\t\t\t<a href=\"https:\/\/atimilplast.com.br\/loja\/web-stories\/suprimentos-corporativos\/\" >\n\t\t\t\t\t<img\n\t\t\t\t\t\tsrc=\"https:\/\/atimilplast.com.br\/loja\/wp-content\/uploads\/2025\/09\/cropped-323168054_482064950767230_4727538702391545176_n.jpg\"\n\t\t\t\t\t\talt=\"Suprimentos Corporativos\"\n\t\t\t\t\t\twidth=\"185\"\n\t\t\t\t\t\theight=\"308\"\n\t\t\t\t\t\t\t\t\t\t\t\t\t\t\t\t\t\t\tsizes=\"auto, (max-width: 640px) 100vw, 640px\"\n\t\t\t\t\t\t\t\t\t\t\t\tloading=\"lazy\"\n\t\t\t\t\t\tdecoding=\"async\"\n\t\t\t\t\t>\n\t\t\t\t<\/a>\n\t\t\t<\/div>\n\t\t\t\t\t\t<\/div>\n\t\t\t\t\t\t<div\n\t\t\t\tclass=\"web-stories-list__story\"\n\t\t\t\tdata-wp-interactive=\"web-stories-block\"\n\t\t\t\tdata-wp-context='{\"instanceId\":1}'\t\t\t\tdata-wp-on--click=\"actions.open\"\n\t\t\t\tdata-wp-on-window--popstate=\"actions.onPopstate\"\n\t\t\t\t>\n\t\t\t\t\t\t\t<div class=\"web-stories-list__story-poster\">\n\t\t\t\t<a href=\"https:\/\/atimilplast.com.br\/loja\/web-stories\/produtos-quimicos-de-limpeza\/\" >\n\t\t\t\t\t<img\n\t\t\t\t\t\tsrc=\"https:\/\/atimilplast.com.br\/loja\/wp-content\/uploads\/2025\/09\/cropped-323094635_872796623912234_7221797355871220470_n.jpg\"\n\t\t\t\t\t\talt=\"Produtos Qu\u00edmicos de Limpeza\"\n\t\t\t\t\t\twidth=\"185\"\n\t\t\t\t\t\theight=\"308\"\n\t\t\t\t\t\t\t\t\t\t\t\t\t\t\t\t\t\t\tsizes=\"auto, (max-width: 640px) 100vw, 640px\"\n\t\t\t\t\t\t\t\t\t\t\t\tloading=\"lazy\"\n\t\t\t\t\t\tdecoding=\"async\"\n\t\t\t\t\t>\n\t\t\t\t<\/a>\n\t\t\t<\/div>\n\t\t\t\t\t\t<\/div>\n\t\t\t\t\t\t<div\n\t\t\t\tclass=\"web-stories-list__story\"\n\t\t\t\tdata-wp-interactive=\"web-stories-block\"\n\t\t\t\tdata-wp-context='{\"instanceId\":1}'\t\t\t\tdata-wp-on--click=\"actions.open\"\n\t\t\t\tdata-wp-on-window--popstate=\"actions.onPopstate\"\n\t\t\t\t>\n\t\t\t\t\t\t\t<div class=\"web-stories-list__story-poster\">\n\t\t\t\t<a href=\"https:\/\/atimilplast.com.br\/loja\/web-stories\/papeis-sustentaveis-atimil\/\" >\n\t\t\t\t\t<img\n\t\t\t\t\t\tsrc=\"https:\/\/atimilplast.com.br\/loja\/wp-content\/uploads\/2025\/09\/cropped-322951931_158138473632396_6484549725972817243_n.jpg\"\n\t\t\t\t\t\talt=\"Pap\u00e9is Sustent\u00e1veis Atimil\"\n\t\t\t\t\t\twidth=\"185\"\n\t\t\t\t\t\theight=\"308\"\n\t\t\t\t\t\t\t\t\t\t\t\t\t\t\t\t\t\t\tsizes=\"auto, (max-width: 640px) 100vw, 640px\"\n\t\t\t\t\t\t\t\t\t\t\t\tloading=\"lazy\"\n\t\t\t\t\t\tdecoding=\"async\"\n\t\t\t\t\t>\n\t\t\t\t<\/a>\n\t\t\t<\/div>\n\t\t\t\t\t\t<\/div>\n\t\t\t\t\t\t<div\n\t\t\t\tclass=\"web-stories-list__story\"\n\t\t\t\tdata-wp-interactive=\"web-stories-block\"\n\t\t\t\tdata-wp-context='{\"instanceId\":1}'\t\t\t\tdata-wp-on--click=\"actions.open\"\n\t\t\t\tdata-wp-on-window--popstate=\"actions.onPopstate\"\n\t\t\t\t>\n\t\t\t\t\t\t\t<div class=\"web-stories-list__story-poster\">\n\t\t\t\t<a href=\"https:\/\/atimilplast.com.br\/loja\/web-stories\/papeis-atimil-corporativos\/\" >\n\t\t\t\t\t<img\n\t\t\t\t\t\tsrc=\"https:\/\/atimilplast.com.br\/loja\/wp-content\/uploads\/2025\/09\/cropped-539895923_18397210981189918_5375887042504467667_n.jpg\"\n\t\t\t\t\t\talt=\"Pap\u00e9is Atimil Corporativos\"\n\t\t\t\t\t\twidth=\"185\"\n\t\t\t\t\t\theight=\"308\"\n\t\t\t\t\t\t\t\t\t\t\t\t\t\t\t\t\t\t\tsizes=\"auto, (max-width: 640px) 100vw, 640px\"\n\t\t\t\t\t\t\t\t\t\t\t\tloading=\"lazy\"\n\t\t\t\t\t\tdecoding=\"async\"\n\t\t\t\t\t>\n\t\t\t\t<\/a>\n\t\t\t<\/div>\n\t\t\t\t\t\t<\/div>\n\t\t\t\t\t\t<div\n\t\t\t\tclass=\"web-stories-list__story\"\n\t\t\t\tdata-wp-interactive=\"web-stories-block\"\n\t\t\t\tdata-wp-context='{\"instanceId\":1}'\t\t\t\tdata-wp-on--click=\"actions.open\"\n\t\t\t\tdata-wp-on-window--popstate=\"actions.onPopstate\"\n\t\t\t\t>\n\t\t\t\t\t\t\t<div class=\"web-stories-list__story-poster\">\n\t\t\t\t<a href=\"https:\/\/atimilplast.com.br\/loja\/web-stories\/melhores-produtos-de-limpeza\/\" >\n\t\t\t\t\t<img\n\t\t\t\t\t\tsrc=\"https:\/\/atimilplast.com.br\/loja\/wp-content\/uploads\/2025\/09\/cropped-541542969_18397466584189918_821677074463825454_n.jpg\"\n\t\t\t\t\t\talt=\"Melhores Produtos de Limpeza\"\n\t\t\t\t\t\twidth=\"185\"\n\t\t\t\t\t\theight=\"308\"\n\t\t\t\t\t\t\t\t\t\t\t\t\t\t\t\t\t\t\tsizes=\"auto, (max-width: 640px) 100vw, 640px\"\n\t\t\t\t\t\t\t\t\t\t\t\tloading=\"lazy\"\n\t\t\t\t\t\tdecoding=\"async\"\n\t\t\t\t\t>\n\t\t\t\t<\/a>\n\t\t\t<\/div>\n\t\t\t\t\t\t<\/div>\n\t\t\t\t\t\t\t\t<\/div>\n\t\t\t\t\t<div tabindex=\"0\" aria-label=\"Voltar\" class=\"glider-prev\"><\/div>\n\t\t\t\t\t<div tabindex=\"0\" aria-label=\"Avan\u00e7ar\" class=\"glider-next\"><\/div>\n\t\t\t\t\t\t\t\t<\/div>\n\t\t<\/div>\n\t\t<\/p>\n<h2 class=\"font-semibold pdf-heading-class-replace text-h3 leading-[40px] pt-[21px] pb-[2px] [&amp;_a]:underline-offset-[6px] [&amp;_.underline]:underline-offset-[6px]\" dir=\"ltr\">O que \u00e9 um carro cuba de pl\u00e1stico?<\/h2>\n<figure id=\"attachment_11342\" aria-describedby=\"caption-attachment-11342\" style=\"width: 342px\" class=\"wp-caption alignnone\"><a href=\"http:\/\/atimilplast.com.br\/loja\/wp-content\/uploads\/2025\/09\/Para-que-serve-e-onde-pode-ser-utilizado-o-carro-cuba-de-plastico.jpeg\"><img fetchpriority=\"high\" decoding=\"async\" class=\"wp-image-11342 \" src=\"http:\/\/atimilplast.com.br\/loja\/wp-content\/uploads\/2025\/09\/Para-que-serve-e-onde-pode-ser-utilizado-o-carro-cuba-de-plastico.jpeg\" alt=\"Para que serve e onde pode ser utilizado o carro cuba de pl\u00e1stico?\" width=\"342\" height=\"342\" \/><\/a><figcaption id=\"caption-attachment-11342\" class=\"wp-caption-text\">Para que serve e onde pode ser utilizado o carro cuba de pl\u00e1stico?<\/figcaption><\/figure>\n<p class=\"text-body font-regular leading-[24px] pt-[9px] pb-[2px]\" dir=\"ltr\">Um carro cuba de pl\u00e1stico consiste em um recipiente fabricado principalmente de polietileno ou polipropileno, montado sobre rodas para facilitar sua mobilidade.<\/p>\n<p class=\"text-body font-regular leading-[24px] pt-[9px] pb-[2px]\" dir=\"ltr\">Ele \u00e9 frequentemente usado para transportar ou armazenar grandes volumes de materiais s\u00f3lidos, l\u00edquidos ou semiss\u00f3lidos. Sua estrutura robusta e design funcional o tornam um equipamento pr\u00e1tico e eficiente, ideal para ambientes que exigem higieniza\u00e7\u00e3o frequente e resist\u00eancia a impactos.<\/p>\n<h3 class=\"font-semibold pdf-heading-class-replace text-h4 leading-[30px] pt-[15px] pb-[2px] [&amp;_a]:underline-offset-[6px] [&amp;_.underline]:underline-offset-[6px]\" dir=\"ltr\">Caracter\u00edsticas principais:<\/h3>\n<ul class=\"pt-[9px] pb-[2px] pl-[24px] list-disc pt-[5px]\">\n<li class=\"text-body font-regular leading-[24px] my-[5px] [&amp;&gt;ol]:!pt-0 [&amp;&gt;ol]:!pb-0 [&amp;&gt;ul]:!pt-0 [&amp;&gt;ul]:!pb-0\" value=\"1\"><b><strong class=\"font-semibold\">Material dur\u00e1vel:<\/strong><\/b> Feito com pl\u00e1stico resistente a impactos e \u00e0 corros\u00e3o.<\/li>\n<li class=\"text-body font-regular leading-[24px] my-[5px] [&amp;&gt;ol]:!pt-0 [&amp;&gt;ol]:!pb-0 [&amp;&gt;ul]:!pt-0 [&amp;&gt;ul]:!pb-0\" value=\"2\"><b><strong class=\"font-semibold\">Rodas robustas:<\/strong><\/b> Facilita a movimenta\u00e7\u00e3o mesmo com cargas pesadas.<\/li>\n<li class=\"text-body font-regular leading-[24px] my-[5px] [&amp;&gt;ol]:!pt-0 [&amp;&gt;ol]:!pb-0 [&amp;&gt;ul]:!pt-0 [&amp;&gt;ul]:!pb-0\" value=\"3\"><b><strong class=\"font-semibold\">Capacidade vari\u00e1vel:<\/strong><\/b> Dispon\u00edvel em diferentes tamanhos para atender a diversas necessidades.<\/li>\n<li class=\"text-body font-regular leading-[24px] my-[5px] [&amp;&gt;ol]:!pt-0 [&amp;&gt;ol]:!pb-0 [&amp;&gt;ul]:!pt-0 [&amp;&gt;ul]:!pb-0\" value=\"4\"><b><strong class=\"font-semibold\">F\u00e1cil higieniza\u00e7\u00e3o:<\/strong><\/b> Superf\u00edcie lisa que reduz o ac\u00famulo de res\u00edduos.<\/li>\n<\/ul>\n<p class=\"text-body font-regular leading-[24px] pt-[9px] pb-[2px]\" dir=\"ltr\">Ao entender suas caracter\u00edsticas, conseguimos identificar melhor as aplica\u00e7\u00f5es do carro cuba de pl\u00e1stico em diferentes ambientes.<\/p>\n<h2 class=\"font-semibold pdf-heading-class-replace text-h3 leading-[40px] pt-[21px] pb-[2px] [&amp;_a]:underline-offset-[6px] [&amp;_.underline]:underline-offset-[6px]\" dir=\"ltr\">Para que serve o carro cuba de pl\u00e1stico?<\/h2>\n<p class=\"text-body font-regular leading-[24px] pt-[9px] pb-[2px]\" dir=\"ltr\">O carro cuba de pl\u00e1stico \u00e9 essencial para quem precisa de um equipamento pr\u00e1tico e vers\u00e1til no dia a dia. Ele pode desempenhar v\u00e1rias fun\u00e7\u00f5es, como:<\/p>\n<h3 class=\"font-semibold pdf-heading-class-replace text-h4 leading-[30px] pt-[15px] pb-[2px] [&amp;_a]:underline-offset-[6px] [&amp;_.underline]:underline-offset-[6px]\" dir=\"ltr\">Transporte de materiais<\/h3>\n<p class=\"text-body font-regular leading-[24px] pt-[9px] pb-[2px]\" dir=\"ltr\">Ideal para deslocar mercadorias ou res\u00edduos em ambientes industriais e comerciais, reduzindo o esfor\u00e7o f\u00edsico dos colaboradores e otimizando o tempo de trabalho. Seja em uma f\u00e1brica ou em um hospital, o transporte \u00e9 realizado com efici\u00eancia e seguran\u00e7a.<\/p>\n<h3 class=\"font-semibold pdf-heading-class-replace text-h4 leading-[30px] pt-[15px] pb-[2px] [&amp;_a]:underline-offset-[6px] [&amp;_.underline]:underline-offset-[6px]\" dir=\"ltr\">Armazenamento tempor\u00e1rio<\/h3>\n<p class=\"text-body font-regular leading-[24px] pt-[9px] pb-[2px]\" dir=\"ltr\">Servindo como uma ferramenta de armazenamento pr\u00e1tico, o carro cuba de pl\u00e1stico \u00e9 usado para conservar materiais s\u00f3lidos ou l\u00edquidos enquanto aguardam processamento ou descarte.<\/p>\n<h3 class=\"font-semibold pdf-heading-class-replace text-h4 leading-[30px] pt-[15px] pb-[2px] [&amp;_a]:underline-offset-[6px] [&amp;_.underline]:underline-offset-[6px]\" dir=\"ltr\">Manuseio de res\u00edduos<\/h3>\n<p class=\"text-body font-regular leading-[24px] pt-[9px] pb-[2px]\" dir=\"ltr\">Em locais que produzem res\u00edduos constantemente, como ind\u00fastrias aliment\u00edcias ou hot\u00e9is, o carro cuba de pl\u00e1stico facilita a coleta e o transporte de forma organizada e higi\u00eanica.<\/p>\n<h3 class=\"font-semibold pdf-heading-class-replace text-h4 leading-[30px] pt-[15px] pb-[2px] [&amp;_a]:underline-offset-[6px] [&amp;_.underline]:underline-offset-[6px]\" dir=\"ltr\">Conserva\u00e7\u00e3o de produtos perec\u00edveis<\/h3>\n<p class=\"text-body font-regular leading-[24px] pt-[9px] pb-[2px]\" dir=\"ltr\">O material pl\u00e1stico pode ser adaptado para armazenar alimentos perec\u00edveis, mantendo o padr\u00e3o de higiene e reduzindo desperd\u00edcios durante deslocamentos.<\/p>\n<h2 class=\"font-semibold pdf-heading-class-replace text-h3 leading-[40px] pt-[21px] pb-[2px] [&amp;_a]:underline-offset-[6px] [&amp;_.underline]:underline-offset-[6px]\" dir=\"ltr\">Onde o carro cuba de pl\u00e1stico pode ser utilizado?<\/h2>\n<p class=\"text-body font-regular leading-[24px] pt-[9px] pb-[2px]\" dir=\"ltr\">Gra\u00e7as \u00e0 sua versatilidade, o carro cuba de pl\u00e1stico pode ser adotado em uma ampla gama de setores, atendendo requisitos espec\u00edficos de cada um deles.<\/p>\n<h3 class=\"font-semibold pdf-heading-class-replace text-h4 leading-[30px] pt-[15px] pb-[2px] [&amp;_a]:underline-offset-[6px] [&amp;_.underline]:underline-offset-[6px]\" dir=\"ltr\">1. Setor hospitalar<\/h3>\n<p class=\"text-body font-regular leading-[24px] pt-[9px] pb-[2px]\" dir=\"ltr\">Nos hospitais, cl\u00ednicas e laborat\u00f3rios, o carro cuba de pl\u00e1stico \u00e9 frequentemente usado para o transporte de roupas hospitalares, instrumentos esterilizados e res\u00edduos biol\u00f3gicos. Sua composi\u00e7\u00e3o resistente a produtos qu\u00edmicos garante a seguran\u00e7a no manuseio.<\/p>\n<p class=\"text-body font-regular leading-[24px] pt-[9px] pb-[2px]\" dir=\"ltr\"><b><strong class=\"font-semibold\">Exemplo pr\u00e1tico:<\/strong><\/b> Um hospital pode utiliz\u00e1-lo no transporte de roupas de cama limpas para alas espec\u00edficas e no recolhimento de roupas usadas, mantendo um ambiente mais organizado.<\/p>\n<h3 class=\"font-semibold pdf-heading-class-replace text-h4 leading-[30px] pt-[15px] pb-[2px] [&amp;_a]:underline-offset-[6px] [&amp;_.underline]:underline-offset-[6px]\" dir=\"ltr\">2. Ind\u00fastria aliment\u00edcia<\/h3>\n<p class=\"text-body font-regular leading-[24px] pt-[9px] pb-[2px]\" dir=\"ltr\">Na produ\u00e7\u00e3o e manipula\u00e7\u00e3o de alimentos, \u00e9 fundamental contar com equipamentos higi\u00eanicos e resistentes. O carro cuba de pl\u00e1stico atende aos requisitos sanit\u00e1rios, servindo para armazenar e transportar ingredientes, res\u00edduos e at\u00e9 alimentos acabados.<\/p>\n<p class=\"text-body font-regular leading-[24px] pt-[9px] pb-[2px]\" dir=\"ltr\"><b><strong class=\"font-semibold\">Exemplo pr\u00e1tico:<\/strong><\/b> Padarias e confeitarias utilizam o carro cuba para transportar insumos como farinhas ou a\u00e7\u00facar, de forma a otimizar a movimenta\u00e7\u00e3o dentro da cozinha industrial.<\/p>\n<h3 class=\"font-semibold pdf-heading-class-replace text-h4 leading-[30px] pt-[15px] pb-[2px] [&amp;_a]:underline-offset-[6px] [&amp;_.underline]:underline-offset-[6px]\" dir=\"ltr\">3. Setor industrial<\/h3>\n<p class=\"text-body font-regular leading-[24px] pt-[9px] pb-[2px]\" dir=\"ltr\">Ind\u00fastrias em geral utilizam o carro cuba de pl\u00e1stico para o deslocamento de pe\u00e7as, ferramentas e at\u00e9 mesmo materiais l\u00edquidos utilizados no processo de produ\u00e7\u00e3o. Sua durabilidade \u00e9 uma caracter\u00edstica essencial para suportar condi\u00e7\u00f5es mais exigentes.<\/p>\n<h3 class=\"font-semibold pdf-heading-class-replace text-h4 leading-[30px] pt-[15px] pb-[2px] [&amp;_a]:underline-offset-[6px] [&amp;_.underline]:underline-offset-[6px]\" dir=\"ltr\">4. Lojas e com\u00e9rcio<\/h3>\n<p class=\"text-body font-regular leading-[24px] pt-[9px] pb-[2px]\" dir=\"ltr\">Supermercados, hortifr\u00fatis e outros pontos de vendas tamb\u00e9m se beneficiam desse equipamento para organizar produtos a serem colocados em prateleiras ou armazenar itens em dep\u00f3sito.<\/p>\n<h3 class=\"font-semibold pdf-heading-class-replace text-h4 leading-[30px] pt-[15px] pb-[2px] [&amp;_a]:underline-offset-[6px] [&amp;_.underline]:underline-offset-[6px]\" dir=\"ltr\">5. Hotelaria e lavanderias<\/h3>\n<p class=\"text-body font-regular leading-[24px] pt-[9px] pb-[2px]\" dir=\"ltr\">Na gest\u00e3o de roupas, especialmente em hot\u00e9is e lavanderias, o carro cuba de pl\u00e1stico \u00e9 indispens\u00e1vel. Ele permite armazenar e transportar grandes volumes de roupas de forma eficiente, tanto para servi\u00e7os de lavagem quanto para distribui\u00e7\u00e3o aos quartos.<\/p>\n<h3 class=\"font-semibold pdf-heading-class-replace text-h4 leading-[30px] pt-[15px] pb-[2px] [&amp;_a]:underline-offset-[6px] [&amp;_.underline]:underline-offset-[6px]\" dir=\"ltr\">6. Limpeza urbana<\/h3>\n<p class=\"text-body font-regular leading-[24px] pt-[9px] pb-[2px]\" dir=\"ltr\">Empresas respons\u00e1veis pela coleta e triagem de res\u00edduos s\u00f3lidos tamb\u00e9m utilizam carros cuba para facilitar o trabalho de remo\u00e7\u00e3o e transporte de lixos em grande escala.<\/p>\n<h3 class=\"font-semibold pdf-heading-class-replace text-h3 leading-[40px] pt-[21px] pb-[2px] [&amp;_a]:underline-offset-[6px] [&amp;_.underline]:underline-offset-[6px]\" dir=\"ltr\">Vantagens de utilizar o carro cuba de pl\u00e1stico<\/h3>\n<p class=\"text-body font-regular leading-[24px] pt-[9px] pb-[2px]\" dir=\"ltr\">Optar por esse equipamento traz benef\u00edcios consider\u00e1veis para as opera\u00e7\u00f5es. Entre os principais, destacam-se:<\/p>\n<ul class=\"pt-[9px] pb-[2px] pl-[24px] list-disc pt-[5px]\">\n<li class=\"text-body font-regular leading-[24px] my-[5px] [&amp;&gt;ol]:!pt-0 [&amp;&gt;ol]:!pb-0 [&amp;&gt;ul]:!pt-0 [&amp;&gt;ul]:!pb-0\" value=\"1\"><b><strong class=\"font-semibold\">Durabilidade:<\/strong><\/b> Resiste ao uso intenso evitando desgastes prematuros.<\/li>\n<li class=\"text-body font-regular leading-[24px] my-[5px] [&amp;&gt;ol]:!pt-0 [&amp;&gt;ol]:!pb-0 [&amp;&gt;ul]:!pt-0 [&amp;&gt;ul]:!pb-0\" value=\"2\"><b><strong class=\"font-semibold\">Higiene:<\/strong><\/b> O material pl\u00e1stico permite limpeza r\u00e1pida e completa, atendendo a requisitos sanit\u00e1rios rigorosos.<\/li>\n<li class=\"text-body font-regular leading-[24px] my-[5px] [&amp;&gt;ol]:!pt-0 [&amp;&gt;ol]:!pb-0 [&amp;&gt;ul]:!pt-0 [&amp;&gt;ul]:!pb-0\" value=\"3\"><b><strong class=\"font-semibold\">Mobilidade:<\/strong><\/b> Suas rodas tornam o transporte de cargas mais \u00e1gil.<\/li>\n<li class=\"text-body font-regular leading-[24px] my-[5px] [&amp;&gt;ol]:!pt-0 [&amp;&gt;ol]:!pb-0 [&amp;&gt;ul]:!pt-0 [&amp;&gt;ul]:!pb-0\" value=\"4\"><b><strong class=\"font-semibold\">Versatilidade:<\/strong><\/b> Atende a diversas demandas em diferentes setores.<\/li>\n<\/ul>\n<p class=\"text-body font-regular leading-[24px] pt-[9px] pb-[2px]\" dir=\"ltr\">Empresas que optam pelo uso de carros cuba de pl\u00e1stico notam um aumento significativo na efici\u00eancia operacional e redu\u00e7\u00e3o de retrabalho em atividades log\u00edsticas.<\/p>\n<h3 class=\"font-semibold pdf-heading-class-replace text-h3 leading-[40px] pt-[21px] pb-[2px] [&amp;_a]:underline-offset-[6px] [&amp;_.underline]:underline-offset-[6px]\" dir=\"ltr\">Porque investir em um carro cuba de pl\u00e1stico?<\/h3>\n<p class=\"text-body font-regular leading-[24px] pt-[9px] pb-[2px]\" dir=\"ltr\">Seja para otimizar opera\u00e7\u00f5es industriais ou assegurar a higiene em setores aliment\u00edcios e hospitalares, investir em um carro cuba de pl\u00e1stico \u00e9 garantia de praticidade, efici\u00eancia e economia a longo prazo. Considerar o modelo ideal, que atenda \u00e0s especificidades da sua empresa, \u00e9 um passo estrat\u00e9gico rumo \u00e0 produtividade.<\/p>\n<p class=\"text-body font-regular leading-[24px] pt-[9px] pb-[2px]\" dir=\"ltr\"><b><strong class=\"font-semibold\">Precisa de mais informa\u00e7\u00f5es sobre o carro cuba de pl\u00e1stico? Entre em contato conosco e descubra a melhor solu\u00e7\u00e3o para o seu neg\u00f3cio!<\/strong><\/b><\/p>\n","protected":false},"excerpt":{"rendered":"<p>O carro cuba de pl\u00e1stico \u00e9 uma solu\u00e7\u00e3o vers\u00e1til e indispens\u00e1vel em diversos setores. Apesar de muitas vezes passar despercebido, ele desempenha um papel crucial no transporte, armazenamento e manuseio de materiais. Mas para que exatamente serve esse equipamento e onde ele pode ser utilizado? Neste post, vamos detalhar as fun\u00e7\u00f5es, os benef\u00edcios e as &hellip; <a href=\"https:\/\/atimilplast.com.br\/loja\/para-que-serve-e-onde-pode-ser-utilizado-o-carro-cuba-de-plastico\/\" class=\"more-link\">Continue reading <span class=\"screen-reader-text\">Para que serve e onde pode ser utilizado o carro cuba de pl\u00e1stico?<\/span><\/a><\/p>\n","protected":false},"author":5,"featured_media":11342,"comment_status":"open","ping_status":"open","sticky":false,"template":"","format":"standard","meta":{"_acf_changed":false,"footnotes":""},"categories":[1],"tags":[],"class_list":["post-10711","post","type-post","status-publish","format-standard","has-post-thumbnail","hentry","category-atimil-plast"],"acf":[],"_links":{"self":[{"href":"https:\/\/atimilplast.com.br\/loja\/wp-json\/wp\/v2\/posts\/10711","targetHints":{"allow":["GET"]}}],"collection":[{"href":"https:\/\/atimilplast.com.br\/loja\/wp-json\/wp\/v2\/posts"}],"about":[{"href":"https:\/\/atimilplast.com.br\/loja\/wp-json\/wp\/v2\/types\/post"}],"author":[{"embeddable":true,"href":"https:\/\/atimilplast.com.br\/loja\/wp-json\/wp\/v2\/users\/5"}],"replies":[{"embeddable":true,"href":"https:\/\/atimilplast.com.br\/loja\/wp-json\/wp\/v2\/comments?post=10711"}],"version-history":[{"count":3,"href":"https:\/\/atimilplast.com.br\/loja\/wp-json\/wp\/v2\/posts\/10711\/revisions"}],"predecessor-version":[{"id":11423,"href":"https:\/\/atimilplast.com.br\/loja\/wp-json\/wp\/v2\/posts\/10711\/revisions\/11423"}],"wp:featuredmedia":[{"embeddable":true,"href":"https:\/\/atimilplast.com.br\/loja\/wp-json\/wp\/v2\/media\/11342"}],"wp:attachment":[{"href":"https:\/\/atimilplast.com.br\/loja\/wp-json\/wp\/v2\/media?parent=10711"}],"wp:term":[{"taxonomy":"category","embeddable":true,"href":"https:\/\/atimilplast.com.br\/loja\/wp-json\/wp\/v2\/categories?post=10711"},{"taxonomy":"post_tag","embeddable":true,"href":"https:\/\/atimilplast.com.br\/loja\/wp-json\/wp\/v2\/tags?post=10711"}],"curies":[{"name":"wp","href":"https:\/\/api.w.org\/{rel}","templated":true}]}}