{"id":10715,"date":"2025-06-10T12:40:29","date_gmt":"2025-06-10T15:40:29","guid":{"rendered":"https:\/\/atimilplast.com.br\/loja\/?p=9939"},"modified":"2025-09-29T07:21:46","modified_gmt":"2025-09-29T10:21:46","slug":"qual-e-a-capacidade-de-carga-dos-pallets-de-plastico","status":"publish","type":"post","link":"https:\/\/atimilplast.com.br\/loja\/qual-e-a-capacidade-de-carga-dos-pallets-de-plastico\/","title":{"rendered":"Qual \u00e9 a capacidade de carga dos pallets de pl\u00e1stico?"},"content":{"rendered":"<p dir=\"ltr\">\t\t<div class=\"web-stories-list alignnone has-archive-link is-view-type-circles is-style-default is-carousel\" data-id=\"1\">\n\t\t\t<div\n\t\t\tclass=\"web-stories-list__inner-wrapper carousel-1\"\n\t\t\tstyle=\"--ws-circle-size:150px\"\n\t\t\t>\n\t\t\t\t\t\t\t\t\t<div\n\t\t\t\t\tclass=\"web-stories-list__carousel circles\"\n\t\t\t\t\tdata-id=\"carousel-1\"\n\t\t\t\t\tdata-prev=\"Voltar\"\n\t\t\t\t\tdata-next=\"Avan\u00e7ar\"\n\t\t\t\t\t>\n\t\t\t\t\t\t\t\t\t<div\n\t\t\t\tclass=\"web-stories-list__story\"\n\t\t\t\tdata-wp-interactive=\"web-stories-block\"\n\t\t\t\tdata-wp-context='{\"instanceId\":1}'\t\t\t\tdata-wp-on--click=\"actions.open\"\n\t\t\t\tdata-wp-on-window--popstate=\"actions.onPopstate\"\n\t\t\t\t>\n\t\t\t\t\t\t\t<div class=\"web-stories-list__story-poster\">\n\t\t\t\t<a href=\"https:\/\/atimilplast.com.br\/loja\/web-stories\/suprimentos-corporativos\/\" >\n\t\t\t\t\t<img\n\t\t\t\t\t\tsrc=\"https:\/\/atimilplast.com.br\/loja\/wp-content\/uploads\/2025\/09\/cropped-323168054_482064950767230_4727538702391545176_n.jpg\"\n\t\t\t\t\t\talt=\"Suprimentos Corporativos\"\n\t\t\t\t\t\twidth=\"185\"\n\t\t\t\t\t\theight=\"308\"\n\t\t\t\t\t\t\t\t\t\t\t\t\t\t\t\t\t\t\tsizes=\"auto, (max-width: 640px) 100vw, 640px\"\n\t\t\t\t\t\t\t\t\t\t\t\tloading=\"lazy\"\n\t\t\t\t\t\tdecoding=\"async\"\n\t\t\t\t\t>\n\t\t\t\t<\/a>\n\t\t\t<\/div>\n\t\t\t\t\t\t<\/div>\n\t\t\t\t\t\t<div\n\t\t\t\tclass=\"web-stories-list__story\"\n\t\t\t\tdata-wp-interactive=\"web-stories-block\"\n\t\t\t\tdata-wp-context='{\"instanceId\":1}'\t\t\t\tdata-wp-on--click=\"actions.open\"\n\t\t\t\tdata-wp-on-window--popstate=\"actions.onPopstate\"\n\t\t\t\t>\n\t\t\t\t\t\t\t<div class=\"web-stories-list__story-poster\">\n\t\t\t\t<a href=\"https:\/\/atimilplast.com.br\/loja\/web-stories\/produtos-quimicos-de-limpeza\/\" >\n\t\t\t\t\t<img\n\t\t\t\t\t\tsrc=\"https:\/\/atimilplast.com.br\/loja\/wp-content\/uploads\/2025\/09\/cropped-323094635_872796623912234_7221797355871220470_n.jpg\"\n\t\t\t\t\t\talt=\"Produtos Qu\u00edmicos de Limpeza\"\n\t\t\t\t\t\twidth=\"185\"\n\t\t\t\t\t\theight=\"308\"\n\t\t\t\t\t\t\t\t\t\t\t\t\t\t\t\t\t\t\tsizes=\"auto, (max-width: 640px) 100vw, 640px\"\n\t\t\t\t\t\t\t\t\t\t\t\tloading=\"lazy\"\n\t\t\t\t\t\tdecoding=\"async\"\n\t\t\t\t\t>\n\t\t\t\t<\/a>\n\t\t\t<\/div>\n\t\t\t\t\t\t<\/div>\n\t\t\t\t\t\t<div\n\t\t\t\tclass=\"web-stories-list__story\"\n\t\t\t\tdata-wp-interactive=\"web-stories-block\"\n\t\t\t\tdata-wp-context='{\"instanceId\":1}'\t\t\t\tdata-wp-on--click=\"actions.open\"\n\t\t\t\tdata-wp-on-window--popstate=\"actions.onPopstate\"\n\t\t\t\t>\n\t\t\t\t\t\t\t<div class=\"web-stories-list__story-poster\">\n\t\t\t\t<a href=\"https:\/\/atimilplast.com.br\/loja\/web-stories\/papeis-sustentaveis-atimil\/\" >\n\t\t\t\t\t<img\n\t\t\t\t\t\tsrc=\"https:\/\/atimilplast.com.br\/loja\/wp-content\/uploads\/2025\/09\/cropped-322951931_158138473632396_6484549725972817243_n.jpg\"\n\t\t\t\t\t\talt=\"Pap\u00e9is Sustent\u00e1veis Atimil\"\n\t\t\t\t\t\twidth=\"185\"\n\t\t\t\t\t\theight=\"308\"\n\t\t\t\t\t\t\t\t\t\t\t\t\t\t\t\t\t\t\tsizes=\"auto, (max-width: 640px) 100vw, 640px\"\n\t\t\t\t\t\t\t\t\t\t\t\tloading=\"lazy\"\n\t\t\t\t\t\tdecoding=\"async\"\n\t\t\t\t\t>\n\t\t\t\t<\/a>\n\t\t\t<\/div>\n\t\t\t\t\t\t<\/div>\n\t\t\t\t\t\t<div\n\t\t\t\tclass=\"web-stories-list__story\"\n\t\t\t\tdata-wp-interactive=\"web-stories-block\"\n\t\t\t\tdata-wp-context='{\"instanceId\":1}'\t\t\t\tdata-wp-on--click=\"actions.open\"\n\t\t\t\tdata-wp-on-window--popstate=\"actions.onPopstate\"\n\t\t\t\t>\n\t\t\t\t\t\t\t<div class=\"web-stories-list__story-poster\">\n\t\t\t\t<a href=\"https:\/\/atimilplast.com.br\/loja\/web-stories\/papeis-atimil-corporativos\/\" >\n\t\t\t\t\t<img\n\t\t\t\t\t\tsrc=\"https:\/\/atimilplast.com.br\/loja\/wp-content\/uploads\/2025\/09\/cropped-539895923_18397210981189918_5375887042504467667_n.jpg\"\n\t\t\t\t\t\talt=\"Pap\u00e9is Atimil Corporativos\"\n\t\t\t\t\t\twidth=\"185\"\n\t\t\t\t\t\theight=\"308\"\n\t\t\t\t\t\t\t\t\t\t\t\t\t\t\t\t\t\t\tsizes=\"auto, (max-width: 640px) 100vw, 640px\"\n\t\t\t\t\t\t\t\t\t\t\t\tloading=\"lazy\"\n\t\t\t\t\t\tdecoding=\"async\"\n\t\t\t\t\t>\n\t\t\t\t<\/a>\n\t\t\t<\/div>\n\t\t\t\t\t\t<\/div>\n\t\t\t\t\t\t<div\n\t\t\t\tclass=\"web-stories-list__story\"\n\t\t\t\tdata-wp-interactive=\"web-stories-block\"\n\t\t\t\tdata-wp-context='{\"instanceId\":1}'\t\t\t\tdata-wp-on--click=\"actions.open\"\n\t\t\t\tdata-wp-on-window--popstate=\"actions.onPopstate\"\n\t\t\t\t>\n\t\t\t\t\t\t\t<div class=\"web-stories-list__story-poster\">\n\t\t\t\t<a href=\"https:\/\/atimilplast.com.br\/loja\/web-stories\/melhores-produtos-de-limpeza\/\" >\n\t\t\t\t\t<img\n\t\t\t\t\t\tsrc=\"https:\/\/atimilplast.com.br\/loja\/wp-content\/uploads\/2025\/09\/cropped-541542969_18397466584189918_821677074463825454_n.jpg\"\n\t\t\t\t\t\talt=\"Melhores Produtos de Limpeza\"\n\t\t\t\t\t\twidth=\"185\"\n\t\t\t\t\t\theight=\"308\"\n\t\t\t\t\t\t\t\t\t\t\t\t\t\t\t\t\t\t\tsizes=\"auto, (max-width: 640px) 100vw, 640px\"\n\t\t\t\t\t\t\t\t\t\t\t\tloading=\"lazy\"\n\t\t\t\t\t\tdecoding=\"async\"\n\t\t\t\t\t>\n\t\t\t\t<\/a>\n\t\t\t<\/div>\n\t\t\t\t\t\t<\/div>\n\t\t\t\t\t\t\t\t<\/div>\n\t\t\t\t\t<div tabindex=\"0\" aria-label=\"Voltar\" class=\"glider-prev\"><\/div>\n\t\t\t\t\t<div tabindex=\"0\" aria-label=\"Avan\u00e7ar\" class=\"glider-next\"><\/div>\n\t\t\t\t\t\t\t\t<\/div>\n\t\t<\/div>\n\t\t<\/p>\n<p class=\"text-body font-regular leading-[24px] pt-[9px] pb-[2px]\" dir=\"ltr\">Os pallets de pl\u00e1stico t\u00eam ganhado cada vez mais popularidade no mercado, especialmente em setores que prezam por efici\u00eancia, sustentabilidade e durabilidade.<\/p>\n<p class=\"text-body font-regular leading-[24px] pt-[9px] pb-[2px]\" dir=\"ltr\">Mas quando o assunto \u00e9 capacidade de carga, muitas empresas ainda t\u00eam d\u00favidas sobre o quanto esses pallets podem realmente suportar.<\/p>\n<p class=\"text-body font-regular leading-[24px] pt-[9px] pb-[2px]\" dir=\"ltr\">Neste artigo, vamos explorar as capacidades de carga dos pallets de pl\u00e1stico e tudo o que voc\u00ea precisa saber para escolher o modelo ideal para sua opera\u00e7\u00e3o.<\/p>\n<figure id=\"attachment_11346\" aria-describedby=\"caption-attachment-11346\" style=\"width: 522px\" class=\"wp-caption alignnone\"><a href=\"http:\/\/atimilplast.com.br\/loja\/wp-content\/uploads\/2025\/09\/Quais-as-capacidades-de-carga-dos-pallets-de-plastico.jpeg\"><img fetchpriority=\"high\" decoding=\"async\" class=\"wp-image-11346\" src=\"http:\/\/atimilplast.com.br\/loja\/wp-content\/uploads\/2025\/09\/Quais-as-capacidades-de-carga-dos-pallets-de-plastico.jpeg\" alt=\"Qual \u00e9 a capacidade de carga dos pallets de pl\u00e1stico?\" width=\"522\" height=\"522\" \/><\/a><figcaption id=\"caption-attachment-11346\" class=\"wp-caption-text\">Qual \u00e9 a capacidade de carga dos pallets de pl\u00e1stico?<\/figcaption><\/figure>\n<h2 class=\"font-semibold pdf-heading-class-replace text-h3 leading-[40px] pt-[21px] pb-[2px] [&amp;_a]:underline-offset-[6px] [&amp;_.underline]:underline-offset-[6px]\" dir=\"ltr\">O que s\u00e3o pallets de pl\u00e1stico e por que escolh\u00ea-los?<\/h2>\n<p class=\"text-body font-regular leading-[24px] pt-[9px] pb-[2px]\" dir=\"ltr\">Os pallets de pl\u00e1stico s\u00e3o estruturas r\u00edgidas usadas para transportar e armazenar mercadorias. Diferente dos pallets de madeira, eles s\u00e3o fabricados a partir de materiais como polietileno ou polipropileno, o que proporciona vantagens como maior durabilidade, resist\u00eancia \u00e0 umidade e ambientes qu\u00edmicos, e manuten\u00e7\u00e3o facilitada.<\/p>\n<h2 class=\"font-semibold pdf-heading-class-replace text-h4 leading-[30px] pt-[15px] pb-[2px] [&amp;_a]:underline-offset-[6px] [&amp;_.underline]:underline-offset-[6px]\" dir=\"ltr\">Benef\u00edcios dos pallets de pl\u00e1stico<\/h2>\n<p class=\"text-body font-regular leading-[24px] pt-[9px] pb-[2px]\" dir=\"ltr\">Antes de nos aprofundarmos na capacidade de carga, \u00e9 importante destacar alguns benef\u00edcios adicionais:<\/p>\n<ul class=\"pt-[9px] pb-[2px] pl-[24px] list-disc pt-[5px]\">\n<li class=\"text-body font-regular leading-[24px] my-[5px] [&amp;&gt;ol]:!pt-0 [&amp;&gt;ol]:!pb-0 [&amp;&gt;ul]:!pt-0 [&amp;&gt;ul]:!pb-0\" value=\"1\"><b><strong class=\"font-semibold\">Maior durabilidade<\/strong><\/b>: Eles resistem melhor a condi\u00e7\u00f5es adversas e possuem maior vida \u00fatil em compara\u00e7\u00e3o com os pallets de madeira.<\/li>\n<li class=\"text-body font-regular leading-[24px] my-[5px] [&amp;&gt;ol]:!pt-0 [&amp;&gt;ol]:!pb-0 [&amp;&gt;ul]:!pt-0 [&amp;&gt;ul]:!pb-0\" value=\"2\"><b><strong class=\"font-semibold\">Leveza<\/strong><\/b>: Apesar de resistentes, os pallets de pl\u00e1stico s\u00e3o mais leves, o que reduz custos de transporte.<\/li>\n<li class=\"text-body font-regular leading-[24px] my-[5px] [&amp;&gt;ol]:!pt-0 [&amp;&gt;ol]:!pb-0 [&amp;&gt;ul]:!pt-0 [&amp;&gt;ul]:!pb-0\" value=\"3\"><b><strong class=\"font-semibold\">Facilidade de higieniza\u00e7\u00e3o<\/strong><\/b>: Ideais para ind\u00fastrias como a aliment\u00edcia e a farmac\u00eautica.<\/li>\n<li class=\"text-body font-regular leading-[24px] my-[5px] [&amp;&gt;ol]:!pt-0 [&amp;&gt;ol]:!pb-0 [&amp;&gt;ul]:!pt-0 [&amp;&gt;ul]:!pb-0\" value=\"4\"><b><strong class=\"font-semibold\">Sustentabilidade<\/strong><\/b>: Muitos modelos podem ser reciclados, contribuindo para pr\u00e1ticas empresariais mais ecol\u00f3gicas.<\/li>\n<\/ul>\n<p class=\"text-body font-regular leading-[24px] pt-[9px] pb-[2px]\" dir=\"ltr\">Agora que entendemos as vantagens gerais, vamos entrar no t\u00f3pico central deste artigo.<\/p>\n<h2 class=\"font-semibold pdf-heading-class-replace text-h3 leading-[40px] pt-[21px] pb-[2px] [&amp;_a]:underline-offset-[6px] [&amp;_.underline]:underline-offset-[6px]\" dir=\"ltr\">Tipos de capacidade de carga dos pallets de pl\u00e1stico<\/h2>\n<p class=\"text-body font-regular leading-[24px] pt-[9px] pb-[2px]\" dir=\"ltr\">Os pallets de pl\u00e1stico s\u00e3o projetados para suportar diferentes n\u00edveis de peso, dependendo do design, do material e do uso pretendido. Conhecer essas capacidades \u00e9 essencial para garantir seguran\u00e7a e efici\u00eancia em suas opera\u00e7\u00f5es.<\/p>\n<h2 class=\"font-semibold pdf-heading-class-replace text-h4 leading-[30px] pt-[15px] pb-[2px] [&amp;_a]:underline-offset-[6px] [&amp;_.underline]:underline-offset-[6px]\" dir=\"ltr\">1. Capacidade de Carga Est\u00e1tica<\/h2>\n<p class=\"text-body font-regular leading-[24px] pt-[9px] pb-[2px]\" dir=\"ltr\">A capacidade de carga est\u00e1tica refere-se ao peso m\u00e1ximo que o pallet pode suportar quando est\u00e1 parado, geralmente enquanto armazena produtos no solo ou em prateleiras. Este tipo de uso n\u00e3o envolve movimento e, portanto, suporta maior peso.<\/p>\n<p class=\"text-body font-regular leading-[24px] pt-[9px] pb-[2px]\" dir=\"ltr\"><b><strong class=\"font-semibold\">Exemplo pr\u00e1tico<\/strong><\/b>:<\/p>\n<p class=\"text-body font-regular leading-[24px] pt-[9px] pb-[2px]\" dir=\"ltr\">Um pallet de pl\u00e1stico de alta resist\u00eancia pode suportar at\u00e9 5 toneladas de carga est\u00e1tica, dependendo do modelo e do material.<\/p>\n<h2 class=\"font-semibold pdf-heading-class-replace text-h4 leading-[30px] pt-[15px] pb-[2px] [&amp;_a]:underline-offset-[6px] [&amp;_.underline]:underline-offset-[6px]\" dir=\"ltr\">2. Capacidade de Carga Din\u00e2mica<\/h2>\n<p class=\"text-body font-regular leading-[24px] pt-[9px] pb-[2px]\" dir=\"ltr\">J\u00e1 a carga din\u00e2mica indica o peso m\u00e1ximo que o pallet pode suportar enquanto est\u00e1 em movimento, como ao ser transportado em empilhadeiras ou carrinhos. Este tipo de capacidade geralmente \u00e9 menor que a carga est\u00e1tica, pois o movimento aplica for\u00e7a adicional sobre a estrutura.<\/p>\n<p class=\"text-body font-regular leading-[24px] pt-[9px] pb-[2px]\" dir=\"ltr\"><b><strong class=\"font-semibold\">Exemplo t\u00edpico<\/strong><\/b>:<\/p>\n<p class=\"text-body font-regular leading-[24px] pt-[9px] pb-[2px]\" dir=\"ltr\">A maioria dos pallets de pl\u00e1stico suporta entre 1 a 2 toneladas de carga din\u00e2mica.<\/p>\n<h2 class=\"font-semibold pdf-heading-class-replace text-h4 leading-[30px] pt-[15px] pb-[2px] [&amp;_a]:underline-offset-[6px] [&amp;_.underline]:underline-offset-[6px]\" dir=\"ltr\">3. Capacidade de Carga em Rack<\/h2>\n<p class=\"text-body font-regular leading-[24px] pt-[9px] pb-[2px]\" dir=\"ltr\">A capacidade de carga em rack \u00e9 a mais cr\u00edtica para opera\u00e7\u00f5es que armazenam mercadorias em sistemas de estanterias. Neste caso, o peso m\u00e1ximo permitido considera que o pallet ser\u00e1 sustentado apenas pelas bordas, sem suporte ao longo do fundo.<\/p>\n<p class=\"text-body font-regular leading-[24px] pt-[9px] pb-[2px]\" dir=\"ltr\"><b><strong class=\"font-semibold\">Importante<\/strong><\/b>:<\/p>\n<p class=\"text-body font-regular leading-[24px] pt-[9px] pb-[2px]\" dir=\"ltr\">Modelos refor\u00e7ados s\u00e3o projetados para suportar de 0,5 a 1,5 toneladas em rack. Escolher o modelo correto evita acidentes e danos ao sistema de armazenagem.<\/p>\n<h2 class=\"font-semibold pdf-heading-class-replace text-h3 leading-[40px] pt-[21px] pb-[2px] [&amp;_a]:underline-offset-[6px] [&amp;_.underline]:underline-offset-[6px]\" dir=\"ltr\">Fatores que influenciam a capacidade de carga<\/h2>\n<p class=\"text-body font-regular leading-[24px] pt-[9px] pb-[2px]\" dir=\"ltr\">A capacidade de carga dos pallets de pl\u00e1stico pode variar amplamente, pois est\u00e1 diretamente ligada a diversos fatores. Entre os principais est\u00e3o:<\/p>\n<h2 class=\"font-semibold pdf-heading-class-replace text-h4 leading-[30px] pt-[15px] pb-[2px] [&amp;_a]:underline-offset-[6px] [&amp;_.underline]:underline-offset-[6px]\" dir=\"ltr\">1. Material de Fabrica\u00e7\u00e3o<\/h2>\n<p class=\"text-body font-regular leading-[24px] pt-[9px] pb-[2px]\" dir=\"ltr\">Pl\u00e1sticos como polietileno de alta densidade (HDPE) e polipropileno oferecem maior resist\u00eancia a impactos e cargas pesadas.<\/p>\n<h2 class=\"font-semibold pdf-heading-class-replace text-h4 leading-[30px] pt-[15px] pb-[2px] [&amp;_a]:underline-offset-[6px] [&amp;_.underline]:underline-offset-[6px]\" dir=\"ltr\">2. Design Estrutural<\/h2>\n<p class=\"text-body font-regular leading-[24px] pt-[9px] pb-[2px]\" dir=\"ltr\">Pallets com refor\u00e7os de a\u00e7o ou pain\u00e9is cont\u00ednuos tendem a suportar mais peso, especialmente em aplica\u00e7\u00f5es de rack.<\/p>\n<h2 class=\"font-semibold pdf-heading-class-replace text-h4 leading-[30px] pt-[15px] pb-[2px] [&amp;_a]:underline-offset-[6px] [&amp;_.underline]:underline-offset-[6px]\" dir=\"ltr\">3. Ambiente de Armazenagem<\/h2>\n<p class=\"text-body font-regular leading-[24px] pt-[9px] pb-[2px]\" dir=\"ltr\">Altas temperaturas ou exposi\u00e7\u00e3o a produtos qu\u00edmicos podem afetar o desempenho dos materiais pl\u00e1sticos. Sempre certifique-se de que o modelo escolhido \u00e9 adequado para as condi\u00e7\u00f5es do local.<\/p>\n<h2 class=\"font-semibold pdf-heading-class-replace text-h4 leading-[30px] pt-[15px] pb-[2px] [&amp;_a]:underline-offset-[6px] [&amp;_.underline]:underline-offset-[6px]\" dir=\"ltr\">4. Dimens\u00f5es e Peso do Pallet<\/h2>\n<p class=\"text-body font-regular leading-[24px] pt-[9px] pb-[2px]\" dir=\"ltr\">Pallets maiores geralmente suportam maior peso, mas podem ser mais dif\u00edceis de manusear. Escolha as dimens\u00f5es de acordo com seus equipamentos e espa\u00e7o dispon\u00edvel.<\/p>\n<h2 class=\"font-semibold pdf-heading-class-replace text-h3 leading-[40px] pt-[21px] pb-[2px] [&amp;_a]:underline-offset-[6px] [&amp;_.underline]:underline-offset-[6px]\" dir=\"ltr\">Como escolher o pallet de pl\u00e1stico ideal para sua opera\u00e7\u00e3o<\/h2>\n<p class=\"text-body font-regular leading-[24px] pt-[9px] pb-[2px]\" dir=\"ltr\">Agora que voc\u00ea conhece as capacidades de carga b\u00e1sica, como selecionar o pallet correto para o seu neg\u00f3cio? Aqui est\u00e3o algumas dicas \u00fateis:<\/p>\n<ol class=\"pt-[9px] pb-[2px] pl-[26px] list-decimal\">\n<li class=\"text-body font-regular leading-[24px] my-[5px] [&amp;&gt;ol]:!pt-0 [&amp;&gt;ol]:!pb-0 [&amp;&gt;ul]:!pt-0 [&amp;&gt;ul]:!pb-0\" value=\"1\"><b><strong class=\"font-semibold\">Avalie suas necessidades de carga<\/strong><\/b>:<\/li>\n<\/ol>\n<p class=\"text-body font-regular leading-[24px] pt-[9px] pb-[2px]\" dir=\"ltr\">Identifique o peso m\u00e9dio de suas mercadorias e escolha um pallet que ofere\u00e7a uma margem de seguran\u00e7a.<\/p>\n<ol class=\"pt-[9px] pb-[2px] pl-[26px] list-decimal\" start=\"2\">\n<li class=\"text-body font-regular leading-[24px] my-[5px] [&amp;&gt;ol]:!pt-0 [&amp;&gt;ol]:!pb-0 [&amp;&gt;ul]:!pt-0 [&amp;&gt;ul]:!pb-0\" value=\"2\"><b><strong class=\"font-semibold\">Considere o uso pretendido<\/strong><\/b>:<\/li>\n<\/ol>\n<p class=\"text-body font-regular leading-[24px] pt-[9px] pb-[2px]\" dir=\"ltr\">Se for usado em transportes frequentes, foque em modelos com alta resist\u00eancia din\u00e2mica.<\/p>\n<ol class=\"pt-[9px] pb-[2px] pl-[26px] list-decimal\" start=\"3\">\n<li class=\"text-body font-regular leading-[24px] my-[5px] [&amp;&gt;ol]:!pt-0 [&amp;&gt;ol]:!pb-0 [&amp;&gt;ul]:!pt-0 [&amp;&gt;ul]:!pb-0\" value=\"3\"><b><strong class=\"font-semibold\">Verifique a compatibilidade com equipamentos<\/strong><\/b>:<\/li>\n<\/ol>\n<p class=\"text-body font-regular leading-[24px] pt-[9px] pb-[2px]\" dir=\"ltr\">Certifique-se de que o pallet \u00e9 adequado para suas empilhadeiras, carrinhos e sistemas de rack.<\/p>\n<ol class=\"pt-[9px] pb-[2px] pl-[26px] list-decimal\" start=\"4\">\n<li class=\"text-body font-regular leading-[24px] my-[5px] [&amp;&gt;ol]:!pt-0 [&amp;&gt;ol]:!pb-0 [&amp;&gt;ul]:!pt-0 [&amp;&gt;ul]:!pb-0\" value=\"4\"><b><strong class=\"font-semibold\">Pense em longo prazo<\/strong><\/b>:<\/li>\n<\/ol>\n<p class=\"text-body font-regular leading-[24px] pt-[9px] pb-[2px]\" dir=\"ltr\">Mesmo que pallets refor\u00e7ados tenham um custo inicial mais elevado, sua durabilidade compensa o investimento ao longo do tempo.<\/p>\n<h2 class=\"font-semibold pdf-heading-class-replace text-h3 leading-[40px] pt-[21px] pb-[2px] [&amp;_a]:underline-offset-[6px] [&amp;_.underline]:underline-offset-[6px]\" dir=\"ltr\">Dicas de seguran\u00e7a no uso de pallets de pl\u00e1stico<\/h2>\n<ul class=\"pt-[9px] pb-[2px] pl-[24px] list-disc pt-[5px]\">\n<li class=\"text-body font-regular leading-[24px] my-[5px] [&amp;&gt;ol]:!pt-0 [&amp;&gt;ol]:!pb-0 [&amp;&gt;ul]:!pt-0 [&amp;&gt;ul]:!pb-0\" value=\"1\">Nunca exceda os limites de capacidade de carga especificados pelo fabricante.<\/li>\n<li class=\"text-body font-regular leading-[24px] my-[5px] [&amp;&gt;ol]:!pt-0 [&amp;&gt;ol]:!pb-0 [&amp;&gt;ul]:!pt-0 [&amp;&gt;ul]:!pb-0\" value=\"2\">Inspecione regularmente os pallets para identificar sinais de desgaste ou danos estruturais.<\/li>\n<li class=\"text-body font-regular leading-[24px] my-[5px] [&amp;&gt;ol]:!pt-0 [&amp;&gt;ol]:!pb-0 [&amp;&gt;ul]:!pt-0 [&amp;&gt;ul]:!pb-0\" value=\"3\">Evite condi\u00e7\u00f5es extremas, como exposi\u00e7\u00e3o prolongada ao sol, que podem enfraquecer o material.<\/li>\n<\/ul>\n<h2 class=\"font-semibold pdf-heading-class-replace text-h3 leading-[40px] pt-[21px] pb-[2px] [&amp;_a]:underline-offset-[6px] [&amp;_.underline]:underline-offset-[6px]\" dir=\"ltr\">Abra\u00e7ando a inova\u00e7\u00e3o no manuseio de materiais<\/h2>\n<p class=\"text-body font-regular leading-[24px] pt-[9px] pb-[2px]\" dir=\"ltr\">Os pallets de pl\u00e1stico s\u00e3o muito mais do que uma alternativa \u00e0 madeira. Eles oferecem uma solu\u00e7\u00e3o moderna, eficiente e sustent\u00e1vel para opera\u00e7\u00f5es log\u00edsticas exigentes.<\/p>\n<p class=\"text-body font-regular leading-[24px] pt-[9px] pb-[2px]\" dir=\"ltr\">Com compreens\u00e3o das capacidades de carga e um investimento em modelos de qualidade, seu neg\u00f3cio pode se beneficiar de maior seguran\u00e7a e produtividade.<\/p>\n<p dir=\"ltr\"><strong>Veja tamb\u00e9m:<\/strong><\/p>\n<ul>\n<li data-start=\"68\" data-end=\"133\">\n<p data-start=\"70\" data-end=\"133\"><a href=\"https:\/\/atimilplast.com.br\/loja\/onde-comprar-caixa-plastica-372l-com-o-melhor-custo-beneficio\/\">Onde comprar caixa pl\u00e1stica 372L com o melhor custo-benef\u00edcio<\/a><\/p>\n<\/li>\n<li data-start=\"134\" data-end=\"199\">\n<p data-start=\"136\" data-end=\"199\"><a href=\"https:\/\/atimilplast.com.br\/loja\/como-selecionar-lixeiras-de-coleta-seletiva-para-uso-exterior\/\">Como selecionar lixeiras de coleta seletiva para uso exterior<\/a><\/p>\n<\/li>\n<li data-start=\"200\" data-end=\"270\">\n<p data-start=\"202\" data-end=\"270\"><a href=\"https:\/\/atimilplast.com.br\/loja\/lixeira-de-coleta-seletiva-qual-o-tamanho-ideal-para-o-seu-espaco\/\">Lixeira de coleta seletiva: qual o tamanho ideal para o seu espa\u00e7o<\/a><\/p>\n<\/li>\n<li data-start=\"271\" data-end=\"333\">\n<p data-start=\"273\" data-end=\"333\"><a href=\"https:\/\/atimilplast.com.br\/loja\/diferenca-entre-lixeira-comum-e-lixeira-de-coleta-seletiva\/\">Diferen\u00e7a entre lixeira comum e lixeira de coleta seletiva<\/a><\/p>\n<\/li>\n<li data-start=\"334\" data-end=\"394\">\n<p data-start=\"336\" data-end=\"394\"><a href=\"https:\/\/atimilplast.com.br\/loja\/5-motivos-para-usar-a-caixa-plastica-372l-na-sua-empresa\/\">5 motivos para usar a caixa pl\u00e1stica 372L na sua empresa<\/a><\/p>\n<\/li>\n<li data-start=\"395\" data-end=\"445\">\n<p data-start=\"397\" data-end=\"445\"><a href=\"https:\/\/atimilplast.com.br\/loja\/qual-e-a-durabilidade-de-um-pallet-de-plastico\/\">Qual \u00e9 a durabilidade de um pallet de pl\u00e1stico<\/a><\/p>\n<\/li>\n<li data-start=\"446\" data-end=\"489\">\n<p data-start=\"448\" data-end=\"489\"><a href=\"https:\/\/atimilplast.com.br\/loja\/para-que-servem-os-pallets-de-plastico\/\">Para que servem os pallets de pl\u00e1stico?<\/a><\/p>\n<\/li>\n<li data-start=\"548\" data-end=\"587\">\n<p data-start=\"550\" data-end=\"587\"><a href=\"https:\/\/atimilplast.com.br\/loja\/quais-as-capacidades-de-carga-dos-pallets-de-plastico\/\">Pallets de pl\u00e1stico da Atimil Plast<\/a><\/p>\n<\/li>\n<li data-start=\"588\" data-end=\"647\">\n<p data-start=\"590\" data-end=\"647\"><a href=\"https:\/\/atimilplast.com.br\/loja\/por-que-escolher-os-pallets-de-plastico-da-atimil-plast\/\">Por que escolher os pallets de pl\u00e1stico da Atimil Plast<\/a><\/p>\n<\/li>\n<li data-start=\"648\" data-end=\"722\">\n<p data-start=\"650\" data-end=\"722\"><a href=\"https:\/\/atimilplast.com.br\/loja\/armazene-produtos-hospitalares-com-as-caixas-plasticas-da-atimilplast\/\">Armazene produtos hospitalares com as caixas pl\u00e1sticas da Atimil Plast<\/a><\/p>\n<\/li>\n<li data-start=\"723\" data-end=\"793\">\n<p data-start=\"725\" data-end=\"793\"><a href=\"https:\/\/atimilplast.com.br\/loja\/para-que-serve-e-onde-pode-ser-utilizado-o-carro-cuba-de-plastico\/\">Para que serve e onde pode ser utilizado o carro cuba de pl\u00e1stico?<\/a><\/p>\n<\/li>\n<li data-start=\"794\" data-end=\"848\">\n<p data-start=\"796\" data-end=\"848\"><a href=\"https:\/\/atimilplast.com.br\/loja\/para-que-serve-e-onde-pode-ser-utilizado-o-carro-cuba-de-plastico\/\">Principais caracter\u00edsticas dos pallets de pl\u00e1stico<\/a><\/p>\n<\/li>\n<li data-start=\"849\" data-end=\"904\">\n<p data-start=\"851\" data-end=\"904\"><a href=\"https:\/\/atimilplast.com.br\/loja\/quais-sao-os-diferentes-tipos-de-lixeiras-seletivas\/\">Quais s\u00e3o os diferentes tipos de lixeiras seletivas<\/a><\/p>\n<\/li>\n<li data-start=\"905\" data-end=\"948\" data-is-last-node=\"\"><\/li>\n<\/ul>\n<p>&nbsp;<\/p>\n","protected":false},"excerpt":{"rendered":"<p>Os pallets de pl\u00e1stico t\u00eam ganhado cada vez mais popularidade no mercado, especialmente em setores que prezam por efici\u00eancia, sustentabilidade e durabilidade. Mas quando o assunto \u00e9 capacidade de carga, muitas empresas ainda t\u00eam d\u00favidas sobre o quanto esses pallets podem realmente suportar. Neste artigo, vamos explorar as capacidades de carga dos pallets de pl\u00e1stico &hellip; <a href=\"https:\/\/atimilplast.com.br\/loja\/qual-e-a-capacidade-de-carga-dos-pallets-de-plastico\/\" class=\"more-link\">Continue reading <span class=\"screen-reader-text\">Qual \u00e9 a capacidade de carga dos pallets de pl\u00e1stico?<\/span><\/a><\/p>\n","protected":false},"author":5,"featured_media":11346,"comment_status":"open","ping_status":"open","sticky":false,"template":"","format":"standard","meta":{"_acf_changed":false,"footnotes":""},"categories":[1],"tags":[],"class_list":["post-10715","post","type-post","status-publish","format-standard","has-post-thumbnail","hentry","category-atimil-plast"],"acf":[],"_links":{"self":[{"href":"https:\/\/atimilplast.com.br\/loja\/wp-json\/wp\/v2\/posts\/10715","targetHints":{"allow":["GET"]}}],"collection":[{"href":"https:\/\/atimilplast.com.br\/loja\/wp-json\/wp\/v2\/posts"}],"about":[{"href":"https:\/\/atimilplast.com.br\/loja\/wp-json\/wp\/v2\/types\/post"}],"author":[{"embeddable":true,"href":"https:\/\/atimilplast.com.br\/loja\/wp-json\/wp\/v2\/users\/5"}],"replies":[{"embeddable":true,"href":"https:\/\/atimilplast.com.br\/loja\/wp-json\/wp\/v2\/comments?post=10715"}],"version-history":[{"count":5,"href":"https:\/\/atimilplast.com.br\/loja\/wp-json\/wp\/v2\/posts\/10715\/revisions"}],"predecessor-version":[{"id":11414,"href":"https:\/\/atimilplast.com.br\/loja\/wp-json\/wp\/v2\/posts\/10715\/revisions\/11414"}],"wp:featuredmedia":[{"embeddable":true,"href":"https:\/\/atimilplast.com.br\/loja\/wp-json\/wp\/v2\/media\/11346"}],"wp:attachment":[{"href":"https:\/\/atimilplast.com.br\/loja\/wp-json\/wp\/v2\/media?parent=10715"}],"wp:term":[{"taxonomy":"category","embeddable":true,"href":"https:\/\/atimilplast.com.br\/loja\/wp-json\/wp\/v2\/categories?post=10715"},{"taxonomy":"post_tag","embeddable":true,"href":"https:\/\/atimilplast.com.br\/loja\/wp-json\/wp\/v2\/tags?post=10715"}],"curies":[{"name":"wp","href":"https:\/\/api.w.org\/{rel}","templated":true}]}}