{"id":10720,"date":"2025-06-10T13:26:54","date_gmt":"2025-06-10T16:26:54","guid":{"rendered":"https:\/\/atimilplast.com.br\/loja\/?p=9959"},"modified":"2025-09-29T07:13:58","modified_gmt":"2025-09-29T10:13:58","slug":"lixeira-de-coleta-seletiva-qual-o-tamanho-ideal-para-o-seu-espaco","status":"publish","type":"post","link":"https:\/\/atimilplast.com.br\/loja\/lixeira-de-coleta-seletiva-qual-o-tamanho-ideal-para-o-seu-espaco\/","title":{"rendered":"Lixeira de coleta seletiva qual o tamanho ideal para o seu espa\u00e7o"},"content":{"rendered":"<p dir=\"ltr\">\t\t<div class=\"web-stories-list alignnone has-archive-link is-view-type-circles is-style-default is-carousel\" data-id=\"1\">\n\t\t\t<div\n\t\t\tclass=\"web-stories-list__inner-wrapper carousel-1\"\n\t\t\tstyle=\"--ws-circle-size:150px\"\n\t\t\t>\n\t\t\t\t\t\t\t\t\t<div\n\t\t\t\t\tclass=\"web-stories-list__carousel circles\"\n\t\t\t\t\tdata-id=\"carousel-1\"\n\t\t\t\t\tdata-prev=\"Voltar\"\n\t\t\t\t\tdata-next=\"Avan\u00e7ar\"\n\t\t\t\t\t>\n\t\t\t\t\t\t\t\t\t<div\n\t\t\t\tclass=\"web-stories-list__story\"\n\t\t\t\tdata-wp-interactive=\"web-stories-block\"\n\t\t\t\tdata-wp-context='{\"instanceId\":1}'\t\t\t\tdata-wp-on--click=\"actions.open\"\n\t\t\t\tdata-wp-on-window--popstate=\"actions.onPopstate\"\n\t\t\t\t>\n\t\t\t\t\t\t\t<div class=\"web-stories-list__story-poster\">\n\t\t\t\t<a href=\"https:\/\/atimilplast.com.br\/loja\/web-stories\/suprimentos-corporativos\/\" >\n\t\t\t\t\t<img\n\t\t\t\t\t\tsrc=\"https:\/\/atimilplast.com.br\/loja\/wp-content\/uploads\/2025\/09\/cropped-323168054_482064950767230_4727538702391545176_n.jpg\"\n\t\t\t\t\t\talt=\"Suprimentos Corporativos\"\n\t\t\t\t\t\twidth=\"185\"\n\t\t\t\t\t\theight=\"308\"\n\t\t\t\t\t\t\t\t\t\t\t\t\t\t\t\t\t\t\tsizes=\"auto, (max-width: 640px) 100vw, 640px\"\n\t\t\t\t\t\t\t\t\t\t\t\tloading=\"lazy\"\n\t\t\t\t\t\tdecoding=\"async\"\n\t\t\t\t\t>\n\t\t\t\t<\/a>\n\t\t\t<\/div>\n\t\t\t\t\t\t<\/div>\n\t\t\t\t\t\t<div\n\t\t\t\tclass=\"web-stories-list__story\"\n\t\t\t\tdata-wp-interactive=\"web-stories-block\"\n\t\t\t\tdata-wp-context='{\"instanceId\":1}'\t\t\t\tdata-wp-on--click=\"actions.open\"\n\t\t\t\tdata-wp-on-window--popstate=\"actions.onPopstate\"\n\t\t\t\t>\n\t\t\t\t\t\t\t<div class=\"web-stories-list__story-poster\">\n\t\t\t\t<a href=\"https:\/\/atimilplast.com.br\/loja\/web-stories\/produtos-quimicos-de-limpeza\/\" >\n\t\t\t\t\t<img\n\t\t\t\t\t\tsrc=\"https:\/\/atimilplast.com.br\/loja\/wp-content\/uploads\/2025\/09\/cropped-323094635_872796623912234_7221797355871220470_n.jpg\"\n\t\t\t\t\t\talt=\"Produtos Qu\u00edmicos de Limpeza\"\n\t\t\t\t\t\twidth=\"185\"\n\t\t\t\t\t\theight=\"308\"\n\t\t\t\t\t\t\t\t\t\t\t\t\t\t\t\t\t\t\tsizes=\"auto, (max-width: 640px) 100vw, 640px\"\n\t\t\t\t\t\t\t\t\t\t\t\tloading=\"lazy\"\n\t\t\t\t\t\tdecoding=\"async\"\n\t\t\t\t\t>\n\t\t\t\t<\/a>\n\t\t\t<\/div>\n\t\t\t\t\t\t<\/div>\n\t\t\t\t\t\t<div\n\t\t\t\tclass=\"web-stories-list__story\"\n\t\t\t\tdata-wp-interactive=\"web-stories-block\"\n\t\t\t\tdata-wp-context='{\"instanceId\":1}'\t\t\t\tdata-wp-on--click=\"actions.open\"\n\t\t\t\tdata-wp-on-window--popstate=\"actions.onPopstate\"\n\t\t\t\t>\n\t\t\t\t\t\t\t<div class=\"web-stories-list__story-poster\">\n\t\t\t\t<a href=\"https:\/\/atimilplast.com.br\/loja\/web-stories\/papeis-sustentaveis-atimil\/\" >\n\t\t\t\t\t<img\n\t\t\t\t\t\tsrc=\"https:\/\/atimilplast.com.br\/loja\/wp-content\/uploads\/2025\/09\/cropped-322951931_158138473632396_6484549725972817243_n.jpg\"\n\t\t\t\t\t\talt=\"Pap\u00e9is Sustent\u00e1veis Atimil\"\n\t\t\t\t\t\twidth=\"185\"\n\t\t\t\t\t\theight=\"308\"\n\t\t\t\t\t\t\t\t\t\t\t\t\t\t\t\t\t\t\tsizes=\"auto, (max-width: 640px) 100vw, 640px\"\n\t\t\t\t\t\t\t\t\t\t\t\tloading=\"lazy\"\n\t\t\t\t\t\tdecoding=\"async\"\n\t\t\t\t\t>\n\t\t\t\t<\/a>\n\t\t\t<\/div>\n\t\t\t\t\t\t<\/div>\n\t\t\t\t\t\t<div\n\t\t\t\tclass=\"web-stories-list__story\"\n\t\t\t\tdata-wp-interactive=\"web-stories-block\"\n\t\t\t\tdata-wp-context='{\"instanceId\":1}'\t\t\t\tdata-wp-on--click=\"actions.open\"\n\t\t\t\tdata-wp-on-window--popstate=\"actions.onPopstate\"\n\t\t\t\t>\n\t\t\t\t\t\t\t<div class=\"web-stories-list__story-poster\">\n\t\t\t\t<a href=\"https:\/\/atimilplast.com.br\/loja\/web-stories\/papeis-atimil-corporativos\/\" >\n\t\t\t\t\t<img\n\t\t\t\t\t\tsrc=\"https:\/\/atimilplast.com.br\/loja\/wp-content\/uploads\/2025\/09\/cropped-539895923_18397210981189918_5375887042504467667_n.jpg\"\n\t\t\t\t\t\talt=\"Pap\u00e9is Atimil Corporativos\"\n\t\t\t\t\t\twidth=\"185\"\n\t\t\t\t\t\theight=\"308\"\n\t\t\t\t\t\t\t\t\t\t\t\t\t\t\t\t\t\t\tsizes=\"auto, (max-width: 640px) 100vw, 640px\"\n\t\t\t\t\t\t\t\t\t\t\t\tloading=\"lazy\"\n\t\t\t\t\t\tdecoding=\"async\"\n\t\t\t\t\t>\n\t\t\t\t<\/a>\n\t\t\t<\/div>\n\t\t\t\t\t\t<\/div>\n\t\t\t\t\t\t<div\n\t\t\t\tclass=\"web-stories-list__story\"\n\t\t\t\tdata-wp-interactive=\"web-stories-block\"\n\t\t\t\tdata-wp-context='{\"instanceId\":1}'\t\t\t\tdata-wp-on--click=\"actions.open\"\n\t\t\t\tdata-wp-on-window--popstate=\"actions.onPopstate\"\n\t\t\t\t>\n\t\t\t\t\t\t\t<div class=\"web-stories-list__story-poster\">\n\t\t\t\t<a href=\"https:\/\/atimilplast.com.br\/loja\/web-stories\/melhores-produtos-de-limpeza\/\" >\n\t\t\t\t\t<img\n\t\t\t\t\t\tsrc=\"https:\/\/atimilplast.com.br\/loja\/wp-content\/uploads\/2025\/09\/cropped-541542969_18397466584189918_821677074463825454_n.jpg\"\n\t\t\t\t\t\talt=\"Melhores Produtos de Limpeza\"\n\t\t\t\t\t\twidth=\"185\"\n\t\t\t\t\t\theight=\"308\"\n\t\t\t\t\t\t\t\t\t\t\t\t\t\t\t\t\t\t\tsizes=\"auto, (max-width: 640px) 100vw, 640px\"\n\t\t\t\t\t\t\t\t\t\t\t\tloading=\"lazy\"\n\t\t\t\t\t\tdecoding=\"async\"\n\t\t\t\t\t>\n\t\t\t\t<\/a>\n\t\t\t<\/div>\n\t\t\t\t\t\t<\/div>\n\t\t\t\t\t\t\t\t<\/div>\n\t\t\t\t\t<div tabindex=\"0\" aria-label=\"Voltar\" class=\"glider-prev\"><\/div>\n\t\t\t\t\t<div tabindex=\"0\" aria-label=\"Avan\u00e7ar\" class=\"glider-next\"><\/div>\n\t\t\t\t\t\t\t\t<\/div>\n\t\t<\/div>\n\t\t<\/p>\n<p class=\"text-body font-regular leading-[24px] pt-[9px] pb-[2px]\" dir=\"ltr\">A coleta seletiva de res\u00edduos \u00e9 essencial para contribuir com o meio ambiente e estimular o h\u00e1bito da reciclagem. Entretanto, muitas pessoas enfrentam d\u00favidas na hora de escolher a <b><strong class=\"font-semibold\">lixeira de coleta seletiva ideal<\/strong><\/b>, especialmente quando o espa\u00e7o dispon\u00edvel \u00e9 limitado ou existe uma grande quantidade de res\u00edduos para gerenciar.<\/p>\n<p class=\"text-body font-regular leading-[24px] pt-[9px] pb-[2px]\" dir=\"ltr\"><strong>Neste artigo, vamos te ajudar a entender os principais crit\u00e9rios que devem ser avaliados para escolher o tamanho ideal de uma lixeira de coleta seletiva para o seu espa\u00e7o, seja ele residencial, comercial ou industrial.<\/strong><\/p>\n<figure id=\"attachment_11339\" aria-describedby=\"caption-attachment-11339\" style=\"width: 542px\" class=\"wp-caption alignnone\"><a href=\"http:\/\/atimilplast.com.br\/loja\/wp-content\/uploads\/2025\/09\/Lixeira-de-coleta-seletiva-qual-o-tamanho-ideal-para-o-seu-espaco.jpeg\"><img fetchpriority=\"high\" decoding=\"async\" class=\"wp-image-11339 \" src=\"http:\/\/atimilplast.com.br\/loja\/wp-content\/uploads\/2025\/09\/Lixeira-de-coleta-seletiva-qual-o-tamanho-ideal-para-o-seu-espaco.jpeg\" alt=\"Lixeira de coleta seletiva qual o tamanho ideal para o seu espa\u00e7o\" width=\"542\" height=\"542\" \/><\/a><figcaption id=\"caption-attachment-11339\" class=\"wp-caption-text\">Lixeira de coleta seletiva qual o tamanho ideal para o seu espa\u00e7o<\/figcaption><\/figure>\n<h2 class=\"font-semibold pdf-heading-class-replace text-h3 leading-[40px] pt-[21px] pb-[2px] [&amp;_a]:underline-offset-[6px] [&amp;_.underline]:underline-offset-[6px]\" dir=\"ltr\">Por que investir em uma lixeira de coleta seletiva?<\/h2>\n<p class=\"text-body font-regular leading-[24px] pt-[9px] pb-[2px]\" dir=\"ltr\">Antes de escolher a lixeira ideal, \u00e9 importante entender os benef\u00edcios de adotar o h\u00e1bito da coleta seletiva. Al\u00e9m de reduzir a quantidade de lixo enviado aos aterros sanit\u00e1rios, separar res\u00edduos recicl\u00e1veis e org\u00e2nicos promove economia de recursos, efici\u00eancia no reaproveitamento de materiais e contribui para pr\u00e1ticas sustent\u00e1veis.<\/p>\n<p class=\"text-body font-regular leading-[24px] pt-[9px] pb-[2px]\" dir=\"ltr\">Adotar lixeiras de coleta seletiva \u00e9 um passo essencial para promover a cultura de conscientiza\u00e7\u00e3o ambiental em diferentes ambientes, desde resid\u00eancias at\u00e9 grandes empresas. Agora, vamos descobrir como escolher o tamanho ideal para suas necessidades!<\/p>\n<h2 class=\"font-semibold pdf-heading-class-replace text-h3 leading-[40px] pt-[21px] pb-[2px] [&amp;_a]:underline-offset-[6px] [&amp;_.underline]:underline-offset-[6px]\" dir=\"ltr\">Crit\u00e9rios para determinar o tamanho da lixeira de coleta seletiva<\/h2>\n<p class=\"text-body font-regular leading-[24px] pt-[9px] pb-[2px]\" dir=\"ltr\">Escolher o tamanho certo de lixeira n\u00e3o \u00e9 apenas uma quest\u00e3o de espa\u00e7o f\u00edsico, mas tamb\u00e9m de funcionalidade e praticidade. Aqui est\u00e3o os principais fatores que devem ser considerados.<\/p>\n<h3 class=\"font-semibold pdf-heading-class-replace text-h4 leading-[30px] pt-[15px] pb-[2px] [&amp;_a]:underline-offset-[6px] [&amp;_.underline]:underline-offset-[6px]\" dir=\"ltr\">1. Quantidade de res\u00edduos gerados<\/h3>\n<p class=\"text-body font-regular leading-[24px] pt-[9px] pb-[2px]\" dir=\"ltr\">O volume de lixo gerado no local onde ser\u00e1 implementada a coleta seletiva \u00e9 um dos fatores principais a serem analisados.<\/p>\n<ul class=\"pt-[9px] pb-[2px] pl-[24px] list-disc pt-[5px]\">\n<li class=\"text-body font-regular leading-[24px] my-[5px] [&amp;&gt;ol]:!pt-0 [&amp;&gt;ol]:!pb-0 [&amp;&gt;ul]:!pt-0 [&amp;&gt;ul]:!pb-0\" value=\"1\"><b><strong class=\"font-semibold\">Resid\u00eancias:<\/strong><\/b> Para resid\u00eancias com poucas pessoas, lixeiras menores, com capacidade de at\u00e9 50 litros, podem atender bem \u00e0s necessidades.<\/li>\n<li class=\"text-body font-regular leading-[24px] my-[5px] [&amp;&gt;ol]:!pt-0 [&amp;&gt;ol]:!pb-0 [&amp;&gt;ul]:!pt-0 [&amp;&gt;ul]:!pb-0\" value=\"2\"><b><strong class=\"font-semibold\">Escrit\u00f3rios pequenos:<\/strong><\/b> Um escrit\u00f3rio com poucas pessoas pode optar por lixeiras na faixa de 50 a 120 litros.<\/li>\n<li class=\"text-body font-regular leading-[24px] my-[5px] [&amp;&gt;ol]:!pt-0 [&amp;&gt;ol]:!pb-0 [&amp;&gt;ul]:!pt-0 [&amp;&gt;ul]:!pb-0\" value=\"3\"><b><strong class=\"font-semibold\">Ambientes industriais ou comerciais:<\/strong><\/b> Para estabelecimentos maiores, como empresas ou ind\u00fastrias, o volume de res\u00edduos ser\u00e1 bem maior, e nesse caso, s\u00e3o recomendadas lixeiras de 240, 360 ou at\u00e9 1000 litros.<\/li>\n<\/ul>\n<h3 class=\"font-semibold pdf-heading-class-replace text-h4 leading-[30px] pt-[15px] pb-[2px] [&amp;_a]:underline-offset-[6px] [&amp;_.underline]:underline-offset-[6px]\" dir=\"ltr\">2. Tipo de ambiente<\/h3>\n<p class=\"text-body font-regular leading-[24px] pt-[9px] pb-[2px]\" dir=\"ltr\">O tipo de ambiente tamb\u00e9m influencia muito na escolha do tamanho da lixeira.<\/p>\n<ul class=\"pt-[9px] pb-[2px] pl-[24px] list-disc pt-[5px]\">\n<li class=\"text-body font-regular leading-[24px] my-[5px] [&amp;&gt;ol]:!pt-0 [&amp;&gt;ol]:!pb-0 [&amp;&gt;ul]:!pt-0 [&amp;&gt;ul]:!pb-0\" value=\"1\"><b><strong class=\"font-semibold\">\u00c1reas internas:<\/strong><\/b> Para ambientes internos, como cozinhas ou escrit\u00f3rios, lixeiras de menor capacidade s\u00e3o mais pr\u00e1ticas e discretas.<\/li>\n<li class=\"text-body font-regular leading-[24px] my-[5px] [&amp;&gt;ol]:!pt-0 [&amp;&gt;ol]:!pb-0 [&amp;&gt;ul]:!pt-0 [&amp;&gt;ul]:!pb-0\" value=\"2\"><b><strong class=\"font-semibold\">\u00c1reas externas:<\/strong><\/b> Se voc\u00ea est\u00e1 montando um ponto de coleta em uma \u00e1rea externa, lixeiras maiores e mais resistentes a intemp\u00e9ries s\u00e3o indicadas.<\/li>\n<\/ul>\n<h3 class=\"font-semibold pdf-heading-class-replace text-h4 leading-[30px] pt-[15px] pb-[2px] [&amp;_a]:underline-offset-[6px] [&amp;_.underline]:underline-offset-[6px]\" dir=\"ltr\">3. Espa\u00e7o dispon\u00edvel<\/h3>\n<p class=\"text-body font-regular leading-[24px] pt-[9px] pb-[2px]\" dir=\"ltr\">Outro aspecto crucial \u00e9 o espa\u00e7o f\u00edsico onde as lixeiras ser\u00e3o colocadas. Avalie onde elas ser\u00e3o instaladas antes de decidir pelo tamanho. Algumas dicas \u00fateis incluem:<\/p>\n<ul class=\"pt-[9px] pb-[2px] pl-[24px] list-disc pt-[5px]\">\n<li class=\"text-body font-regular leading-[24px] my-[5px] [&amp;&gt;ol]:!pt-0 [&amp;&gt;ol]:!pb-0 [&amp;&gt;ul]:!pt-0 [&amp;&gt;ul]:!pb-0\" value=\"1\">Me\u00e7a o espa\u00e7o para garantir que as lixeiras escolhidas cabem adequadamente.<\/li>\n<li class=\"text-body font-regular leading-[24px] my-[5px] [&amp;&gt;ol]:!pt-0 [&amp;&gt;ol]:!pb-0 [&amp;&gt;ul]:!pt-0 [&amp;&gt;ul]:!pb-0\" value=\"2\">Considere solu\u00e7\u00f5es verticais ou empilh\u00e1veis para otimizar o uso do espa\u00e7o.<\/li>\n<li class=\"text-body font-regular leading-[24px] my-[5px] [&amp;&gt;ol]:!pt-0 [&amp;&gt;ol]:!pb-0 [&amp;&gt;ul]:!pt-0 [&amp;&gt;ul]:!pb-0\" value=\"3\">Lembre-se de deixar espa\u00e7o suficiente para o acesso e manuseio do material recicl\u00e1vel.<\/li>\n<\/ul>\n<h3 class=\"font-semibold pdf-heading-class-replace text-h4 leading-[30px] pt-[15px] pb-[2px] [&amp;_a]:underline-offset-[6px] [&amp;_.underline]:underline-offset-[6px]\" dir=\"ltr\">4. Identifica\u00e7\u00e3o e cores padr\u00e3o<\/h3>\n<p class=\"text-body font-regular leading-[24px] pt-[9px] pb-[2px]\" dir=\"ltr\">Mesmo que o tamanho seja o foco, a identifica\u00e7\u00e3o correta das lixeiras \u00e9 igualmente importante. O uso de cores e etiquetas padronizadas ajuda a garantir que os materiais sejam descartados nos compartimentos certos.<\/p>\n<ul class=\"pt-[9px] pb-[2px] pl-[24px] list-disc pt-[5px]\">\n<li class=\"text-body font-regular leading-[24px] my-[5px] [&amp;&gt;ol]:!pt-0 [&amp;&gt;ol]:!pb-0 [&amp;&gt;ul]:!pt-0 [&amp;&gt;ul]:!pb-0\" value=\"1\"><b><strong class=\"font-semibold\">Azul:<\/strong><\/b> Papel e papel\u00e3o<\/li>\n<li class=\"text-body font-regular leading-[24px] my-[5px] [&amp;&gt;ol]:!pt-0 [&amp;&gt;ol]:!pb-0 [&amp;&gt;ul]:!pt-0 [&amp;&gt;ul]:!pb-0\" value=\"2\"><b><strong class=\"font-semibold\">Verde:<\/strong><\/b> Vidro<\/li>\n<li class=\"text-body font-regular leading-[24px] my-[5px] [&amp;&gt;ol]:!pt-0 [&amp;&gt;ol]:!pb-0 [&amp;&gt;ul]:!pt-0 [&amp;&gt;ul]:!pb-0\" value=\"3\"><b><strong class=\"font-semibold\">Amarelo:<\/strong><\/b> Metal<\/li>\n<li class=\"text-body font-regular leading-[24px] my-[5px] [&amp;&gt;ol]:!pt-0 [&amp;&gt;ol]:!pb-0 [&amp;&gt;ul]:!pt-0 [&amp;&gt;ul]:!pb-0\" value=\"4\"><b><strong class=\"font-semibold\">Vermelho:<\/strong><\/b> Pl\u00e1stico<\/li>\n<li class=\"text-body font-regular leading-[24px] my-[5px] [&amp;&gt;ol]:!pt-0 [&amp;&gt;ol]:!pb-0 [&amp;&gt;ul]:!pt-0 [&amp;&gt;ul]:!pb-0\" value=\"5\"><b><strong class=\"font-semibold\">Preto:<\/strong><\/b> Res\u00edduos n\u00e3o recicl\u00e1veis<\/li>\n<li class=\"text-body font-regular leading-[24px] my-[5px] [&amp;&gt;ol]:!pt-0 [&amp;&gt;ol]:!pb-0 [&amp;&gt;ul]:!pt-0 [&amp;&gt;ul]:!pb-0\" value=\"6\"><b><strong class=\"font-semibold\">Marrom:<\/strong><\/b> Res\u00edduos org\u00e2nicos<\/li>\n<\/ul>\n<p class=\"text-body font-regular leading-[24px] pt-[9px] pb-[2px]\" dir=\"ltr\">Certifique-se de que as lixeiras, independentemente do tamanho, possuem a identifica\u00e7\u00e3o clara com as cores padr\u00e3o para evitar confus\u00f5es.<\/p>\n<h3 class=\"font-semibold pdf-heading-class-replace text-h4 leading-[30px] pt-[15px] pb-[2px] [&amp;_a]:underline-offset-[6px] [&amp;_.underline]:underline-offset-[6px]\" dir=\"ltr\">5. Frequ\u00eancia de recolhimento do lixo<\/h3>\n<p class=\"text-body font-regular leading-[24px] pt-[9px] pb-[2px]\" dir=\"ltr\">A frequ\u00eancia com que os res\u00edduos s\u00e3o recolhidos ou levados para reciclagem tamb\u00e9m impacta na escolha do tamanho da lixeira.<\/p>\n<ul class=\"pt-[9px] pb-[2px] pl-[24px] list-disc pt-[5px]\">\n<li class=\"text-body font-regular leading-[24px] my-[5px] [&amp;&gt;ol]:!pt-0 [&amp;&gt;ol]:!pb-0 [&amp;&gt;ul]:!pt-0 [&amp;&gt;ul]:!pb-0\" value=\"1\"><b><strong class=\"font-semibold\">Coleta di\u00e1ria:<\/strong><\/b> Se o descarte e recolhimento forem feitos regularmente, n\u00e3o h\u00e1 necessidade de optar por lixeiras muito grandes.<\/li>\n<li class=\"text-body font-regular leading-[24px] my-[5px] [&amp;&gt;ol]:!pt-0 [&amp;&gt;ol]:!pb-0 [&amp;&gt;ul]:!pt-0 [&amp;&gt;ul]:!pb-0\" value=\"2\"><b><strong class=\"font-semibold\">Coleta semanal:<\/strong><\/b> Caso os res\u00edduos fiquem armazenados por mais tempo, considere lixeiras maiores para evitar superlota\u00e7\u00e3o.<\/li>\n<\/ul>\n<h2 class=\"font-semibold pdf-heading-class-replace text-h3 leading-[40px] pt-[21px] pb-[2px] [&amp;_a]:underline-offset-[6px] [&amp;_.underline]:underline-offset-[6px]\" dir=\"ltr\">Modelos e capacidades mais comuns<\/h2>\n<p class=\"text-body font-regular leading-[24px] pt-[9px] pb-[2px]\" dir=\"ltr\">Agora que voc\u00ea conhece os crit\u00e9rios principais, \u00e9 \u00fatil saber quais s\u00e3o os tamanhos e modelos de lixeiras mais comuns no mercado. Aqui est\u00e3o algumas op\u00e7\u00f5es, junto com as capacidades mais encontradas.<\/p>\n<ul class=\"pt-[9px] pb-[2px] pl-[24px] list-disc pt-[5px]\">\n<li class=\"text-body font-regular leading-[24px] my-[5px] [&amp;&gt;ol]:!pt-0 [&amp;&gt;ol]:!pb-0 [&amp;&gt;ul]:!pt-0 [&amp;&gt;ul]:!pb-0\" value=\"1\"><b><strong class=\"font-semibold\">Lixeiras compactas:<\/strong><\/b> Ideais para espa\u00e7os reduzidos, variam entre 10L e 50L.<\/li>\n<li class=\"text-body font-regular leading-[24px] my-[5px] [&amp;&gt;ol]:!pt-0 [&amp;&gt;ol]:!pb-0 [&amp;&gt;ul]:!pt-0 [&amp;&gt;ul]:!pb-0\" value=\"2\"><b><strong class=\"font-semibold\">M\u00e9dias:<\/strong><\/b> S\u00e3o as mais vers\u00e1teis e geralmente possuem entre 50L e 120L.<\/li>\n<li class=\"text-body font-regular leading-[24px] my-[5px] [&amp;&gt;ol]:!pt-0 [&amp;&gt;ol]:!pb-0 [&amp;&gt;ul]:!pt-0 [&amp;&gt;ul]:!pb-0\" value=\"3\"><b><strong class=\"font-semibold\">Grandes:<\/strong><\/b> Para empresas, condom\u00ednios ou ind\u00fastrias, as lixeiras de 240L, 360L ou maiores s\u00e3o mais adequadas.<\/li>\n<li class=\"text-body font-regular leading-[24px] my-[5px] [&amp;&gt;ol]:!pt-0 [&amp;&gt;ol]:!pb-0 [&amp;&gt;ul]:!pt-0 [&amp;&gt;ul]:!pb-0\" value=\"4\"><b><strong class=\"font-semibold\">Lixeiras com rod\u00edzios:<\/strong><\/b> Facilitam o transporte, especialmente em modelos maiores de 120L ou mais.<\/li>\n<\/ul>\n<h2 class=\"font-semibold pdf-heading-class-replace text-h3 leading-[40px] pt-[21px] pb-[2px] [&amp;_a]:underline-offset-[6px] [&amp;_.underline]:underline-offset-[6px]\" dir=\"ltr\">Vantagens de escolher o tamanho certo<\/h2>\n<p class=\"text-body font-regular leading-[24px] pt-[9px] pb-[2px]\" dir=\"ltr\">Garantir que a lixeira de coleta seletiva tenha o tamanho adequado trar\u00e1 diversos benef\u00edcios para o seu dia a dia. Entre os principais est\u00e3o:<\/p>\n<ul class=\"pt-[9px] pb-[2px] pl-[24px] list-disc pt-[5px]\">\n<li class=\"text-body font-regular leading-[24px] my-[5px] [&amp;&gt;ol]:!pt-0 [&amp;&gt;ol]:!pb-0 [&amp;&gt;ul]:!pt-0 [&amp;&gt;ul]:!pb-0\" value=\"1\"><b><strong class=\"font-semibold\">Praticidade:<\/strong><\/b> Evita ac\u00famulo de res\u00edduos e facilita a coleta.<\/li>\n<li class=\"text-body font-regular leading-[24px] my-[5px] [&amp;&gt;ol]:!pt-0 [&amp;&gt;ol]:!pb-0 [&amp;&gt;ul]:!pt-0 [&amp;&gt;ul]:!pb-0\" value=\"2\"><b><strong class=\"font-semibold\">Higiene:<\/strong><\/b> Organiza melhor o espa\u00e7o, reduzindo odores e sujeiras.<\/li>\n<li class=\"text-body font-regular leading-[24px] my-[5px] [&amp;&gt;ol]:!pt-0 [&amp;&gt;ol]:!pb-0 [&amp;&gt;ul]:!pt-0 [&amp;&gt;ul]:!pb-0\" value=\"3\"><b><strong class=\"font-semibold\">Efici\u00eancia:<\/strong><\/b> Melhora a experi\u00eancia de coleta e reciclagem.<\/li>\n<\/ul>\n<h2 class=\"font-semibold pdf-heading-class-replace text-h3 leading-[40px] pt-[21px] pb-[2px] [&amp;_a]:underline-offset-[6px] [&amp;_.underline]:underline-offset-[6px]\" dir=\"ltr\">Transformando pr\u00e1ticas atrav\u00e9s da escolha inteligente<\/h2>\n<p class=\"text-body font-regular leading-[24px] pt-[9px] pb-[2px]\" dir=\"ltr\">Escolher a lixeira de coleta seletiva ideal vai muito al\u00e9m de um detalhe operacional. \u00c9 um passo importante para implantar h\u00e1bitos mais sustent\u00e1veis na sua rotina, tornando-a mais eficiente, pr\u00e1tica e adaptada \u00e0s suas necessidades.<\/p>\n<p class=\"text-body font-regular leading-[24px] pt-[9px] pb-[2px]\" dir=\"ltr\">Se voc\u00ea ainda est\u00e1 em d\u00favida sobre qual lixeira atende melhor ao seu espa\u00e7o, entre em contato com especialistas ou consulte fornecedores que oferecem consultoria para ajudar na escolha do modelo e tamanho perfeitos. Comece a reciclar de forma consciente e sustent\u00e1vel!<\/p>\n<p dir=\"ltr\"><strong>Veja tamb\u00e9m:<\/strong><\/p>\n<ul>\n<li data-start=\"68\" data-end=\"133\">\n<p data-start=\"70\" data-end=\"133\"><a href=\"https:\/\/atimilplast.com.br\/loja\/onde-comprar-caixa-plastica-372l-com-o-melhor-custo-beneficio\/\">Onde comprar caixa pl\u00e1stica 372L com o melhor custo-benef\u00edcio<\/a><\/p>\n<\/li>\n<li data-start=\"134\" data-end=\"199\">\n<p data-start=\"136\" data-end=\"199\"><a href=\"https:\/\/atimilplast.com.br\/loja\/como-selecionar-lixeiras-de-coleta-seletiva-para-uso-exterior\/\">Como selecionar lixeiras de coleta seletiva para uso exterior<\/a><\/p>\n<\/li>\n<li data-start=\"200\" data-end=\"270\">\n<p data-start=\"202\" data-end=\"270\"><a href=\"https:\/\/atimilplast.com.br\/loja\/lixeira-de-coleta-seletiva-qual-o-tamanho-ideal-para-o-seu-espaco\/\">Lixeira de coleta seletiva: qual o tamanho ideal para o seu espa\u00e7o<\/a><\/p>\n<\/li>\n<li data-start=\"271\" data-end=\"333\">\n<p data-start=\"273\" data-end=\"333\"><a href=\"https:\/\/atimilplast.com.br\/loja\/diferenca-entre-lixeira-comum-e-lixeira-de-coleta-seletiva\/\">Diferen\u00e7a entre lixeira comum e lixeira de coleta seletiva<\/a><\/p>\n<\/li>\n<li data-start=\"334\" data-end=\"394\">\n<p data-start=\"336\" data-end=\"394\"><a href=\"https:\/\/atimilplast.com.br\/loja\/5-motivos-para-usar-a-caixa-plastica-372l-na-sua-empresa\/\">5 motivos para usar a caixa pl\u00e1stica 372L na sua empresa<\/a><\/p>\n<\/li>\n<li data-start=\"395\" data-end=\"445\">\n<p data-start=\"397\" data-end=\"445\"><a href=\"https:\/\/atimilplast.com.br\/loja\/qual-e-a-durabilidade-de-um-pallet-de-plastico\/\">Qual \u00e9 a durabilidade de um pallet de pl\u00e1stico<\/a><\/p>\n<\/li>\n<li data-start=\"446\" data-end=\"489\">\n<p data-start=\"448\" data-end=\"489\"><a href=\"https:\/\/atimilplast.com.br\/loja\/para-que-servem-os-pallets-de-plastico\/\">Para que servem os pallets de pl\u00e1stico?<\/a><\/p>\n<\/li>\n<li data-start=\"490\" data-end=\"547\">\n<p data-start=\"492\" data-end=\"547\"><a href=\"https:\/\/atimilplast.com.br\/loja\/quais-as-capacidades-de-carga-dos-pallets-de-plastico\/\">Quais as capacidades de carga dos pallets de pl\u00e1stico<\/a><\/p>\n<\/li>\n<li data-start=\"548\" data-end=\"587\">\n<p data-start=\"550\" data-end=\"587\"><a href=\"https:\/\/atimilplast.com.br\/loja\/quais-as-capacidades-de-carga-dos-pallets-de-plastico\/\">Pallets de pl\u00e1stico da Atimil Plast<\/a><\/p>\n<\/li>\n<li data-start=\"588\" data-end=\"647\">\n<p data-start=\"590\" data-end=\"647\"><a href=\"https:\/\/atimilplast.com.br\/loja\/por-que-escolher-os-pallets-de-plastico-da-atimil-plast\/\">Por que escolher os pallets de pl\u00e1stico da Atimil Plast<\/a><\/p>\n<\/li>\n<li data-start=\"648\" data-end=\"722\">\n<p data-start=\"650\" data-end=\"722\"><a href=\"https:\/\/atimilplast.com.br\/loja\/armazene-produtos-hospitalares-com-as-caixas-plasticas-da-atimilplast\/\">Armazene produtos hospitalares com as caixas pl\u00e1sticas da Atimil Plast<\/a><\/p>\n<\/li>\n<li data-start=\"723\" data-end=\"793\">\n<p data-start=\"725\" data-end=\"793\"><a href=\"https:\/\/atimilplast.com.br\/loja\/para-que-serve-e-onde-pode-ser-utilizado-o-carro-cuba-de-plastico\/\">Para que serve e onde pode ser utilizado o carro cuba de pl\u00e1stico?<\/a><\/p>\n<\/li>\n<li data-start=\"794\" data-end=\"848\">\n<p data-start=\"796\" data-end=\"848\"><a href=\"https:\/\/atimilplast.com.br\/loja\/para-que-serve-e-onde-pode-ser-utilizado-o-carro-cuba-de-plastico\/\">Principais caracter\u00edsticas dos pallets de pl\u00e1stico<\/a><\/p>\n<\/li>\n<li data-start=\"849\" data-end=\"904\">\n<p data-start=\"851\" data-end=\"904\"><a href=\"https:\/\/atimilplast.com.br\/loja\/quais-sao-os-diferentes-tipos-de-lixeiras-seletivas\/\">Quais s\u00e3o os diferentes tipos de lixeiras seletivas<\/a><\/p>\n<\/li>\n<li data-start=\"905\" data-end=\"948\" data-is-last-node=\"\">\n<p data-start=\"907\" data-end=\"948\" data-is-last-node=\"\"><a href=\"https:\/\/atimilplast.com.br\/loja\/a-jornada-do-residuo-ao-produto-reciclado\/\">A jornada do res\u00edduo ao produto reciclado<\/a><\/p>\n<\/li>\n<\/ul>\n","protected":false},"excerpt":{"rendered":"<p>A coleta seletiva de res\u00edduos \u00e9 essencial para contribuir com o meio ambiente e estimular o h\u00e1bito da reciclagem. Entretanto, muitas pessoas enfrentam d\u00favidas na hora de escolher a lixeira de coleta seletiva ideal, especialmente quando o espa\u00e7o dispon\u00edvel \u00e9 limitado ou existe uma grande quantidade de res\u00edduos para gerenciar. Neste artigo, vamos te ajudar &hellip; <a href=\"https:\/\/atimilplast.com.br\/loja\/lixeira-de-coleta-seletiva-qual-o-tamanho-ideal-para-o-seu-espaco\/\" class=\"more-link\">Continue reading <span class=\"screen-reader-text\">Lixeira de coleta seletiva qual o tamanho ideal para o seu espa\u00e7o<\/span><\/a><\/p>\n","protected":false},"author":5,"featured_media":11339,"comment_status":"open","ping_status":"open","sticky":false,"template":"","format":"standard","meta":{"_acf_changed":false,"footnotes":""},"categories":[1],"tags":[],"class_list":["post-10720","post","type-post","status-publish","format-standard","has-post-thumbnail","hentry","category-atimil-plast"],"acf":[],"_links":{"self":[{"href":"https:\/\/atimilplast.com.br\/loja\/wp-json\/wp\/v2\/posts\/10720","targetHints":{"allow":["GET"]}}],"collection":[{"href":"https:\/\/atimilplast.com.br\/loja\/wp-json\/wp\/v2\/posts"}],"about":[{"href":"https:\/\/atimilplast.com.br\/loja\/wp-json\/wp\/v2\/types\/post"}],"author":[{"embeddable":true,"href":"https:\/\/atimilplast.com.br\/loja\/wp-json\/wp\/v2\/users\/5"}],"replies":[{"embeddable":true,"href":"https:\/\/atimilplast.com.br\/loja\/wp-json\/wp\/v2\/comments?post=10720"}],"version-history":[{"count":2,"href":"https:\/\/atimilplast.com.br\/loja\/wp-json\/wp\/v2\/posts\/10720\/revisions"}],"predecessor-version":[{"id":11404,"href":"https:\/\/atimilplast.com.br\/loja\/wp-json\/wp\/v2\/posts\/10720\/revisions\/11404"}],"wp:featuredmedia":[{"embeddable":true,"href":"https:\/\/atimilplast.com.br\/loja\/wp-json\/wp\/v2\/media\/11339"}],"wp:attachment":[{"href":"https:\/\/atimilplast.com.br\/loja\/wp-json\/wp\/v2\/media?parent=10720"}],"wp:term":[{"taxonomy":"category","embeddable":true,"href":"https:\/\/atimilplast.com.br\/loja\/wp-json\/wp\/v2\/categories?post=10720"},{"taxonomy":"post_tag","embeddable":true,"href":"https:\/\/atimilplast.com.br\/loja\/wp-json\/wp\/v2\/tags?post=10720"}],"curies":[{"name":"wp","href":"https:\/\/api.w.org\/{rel}","templated":true}]}}