{"id":11494,"date":"2025-09-30T08:16:18","date_gmt":"2025-09-30T11:16:18","guid":{"rendered":"https:\/\/atimilplast.com.br\/loja\/?p=11494"},"modified":"2025-09-30T08:16:18","modified_gmt":"2025-09-30T11:16:18","slug":"caixa-container-372l-versatilidade-para-o-seu-negocio","status":"publish","type":"post","link":"https:\/\/atimilplast.com.br\/loja\/caixa-container-372l-versatilidade-para-o-seu-negocio\/","title":{"rendered":"Caixa Container 372L: Versatilidade para o Seu Neg\u00f3cio"},"content":{"rendered":"<p dir=\"ltr\">\t\t<div class=\"web-stories-list alignnone has-archive-link is-view-type-circles is-style-default is-carousel\" data-id=\"1\">\n\t\t\t<div\n\t\t\tclass=\"web-stories-list__inner-wrapper carousel-1\"\n\t\t\tstyle=\"--ws-circle-size:150px\"\n\t\t\t>\n\t\t\t\t\t\t\t\t\t<div\n\t\t\t\t\tclass=\"web-stories-list__carousel circles\"\n\t\t\t\t\tdata-id=\"carousel-1\"\n\t\t\t\t\tdata-prev=\"Voltar\"\n\t\t\t\t\tdata-next=\"Avan\u00e7ar\"\n\t\t\t\t\t>\n\t\t\t\t\t\t\t\t\t<div\n\t\t\t\tclass=\"web-stories-list__story\"\n\t\t\t\tdata-wp-interactive=\"web-stories-block\"\n\t\t\t\tdata-wp-context='{\"instanceId\":1}'\t\t\t\tdata-wp-on--click=\"actions.open\"\n\t\t\t\tdata-wp-on-window--popstate=\"actions.onPopstate\"\n\t\t\t\t>\n\t\t\t\t\t\t\t<div class=\"web-stories-list__story-poster\">\n\t\t\t\t<a href=\"https:\/\/atimilplast.com.br\/loja\/web-stories\/suprimentos-corporativos\/\" >\n\t\t\t\t\t<img\n\t\t\t\t\t\tsrc=\"https:\/\/atimilplast.com.br\/loja\/wp-content\/uploads\/2025\/09\/cropped-323168054_482064950767230_4727538702391545176_n.jpg\"\n\t\t\t\t\t\talt=\"Suprimentos Corporativos\"\n\t\t\t\t\t\twidth=\"185\"\n\t\t\t\t\t\theight=\"308\"\n\t\t\t\t\t\t\t\t\t\t\t\t\t\t\t\t\t\t\tsizes=\"auto, (max-width: 640px) 100vw, 640px\"\n\t\t\t\t\t\t\t\t\t\t\t\tloading=\"lazy\"\n\t\t\t\t\t\tdecoding=\"async\"\n\t\t\t\t\t>\n\t\t\t\t<\/a>\n\t\t\t<\/div>\n\t\t\t\t\t\t<\/div>\n\t\t\t\t\t\t<div\n\t\t\t\tclass=\"web-stories-list__story\"\n\t\t\t\tdata-wp-interactive=\"web-stories-block\"\n\t\t\t\tdata-wp-context='{\"instanceId\":1}'\t\t\t\tdata-wp-on--click=\"actions.open\"\n\t\t\t\tdata-wp-on-window--popstate=\"actions.onPopstate\"\n\t\t\t\t>\n\t\t\t\t\t\t\t<div class=\"web-stories-list__story-poster\">\n\t\t\t\t<a href=\"https:\/\/atimilplast.com.br\/loja\/web-stories\/produtos-quimicos-de-limpeza\/\" >\n\t\t\t\t\t<img\n\t\t\t\t\t\tsrc=\"https:\/\/atimilplast.com.br\/loja\/wp-content\/uploads\/2025\/09\/cropped-323094635_872796623912234_7221797355871220470_n.jpg\"\n\t\t\t\t\t\talt=\"Produtos Qu\u00edmicos de Limpeza\"\n\t\t\t\t\t\twidth=\"185\"\n\t\t\t\t\t\theight=\"308\"\n\t\t\t\t\t\t\t\t\t\t\t\t\t\t\t\t\t\t\tsizes=\"auto, (max-width: 640px) 100vw, 640px\"\n\t\t\t\t\t\t\t\t\t\t\t\tloading=\"lazy\"\n\t\t\t\t\t\tdecoding=\"async\"\n\t\t\t\t\t>\n\t\t\t\t<\/a>\n\t\t\t<\/div>\n\t\t\t\t\t\t<\/div>\n\t\t\t\t\t\t<div\n\t\t\t\tclass=\"web-stories-list__story\"\n\t\t\t\tdata-wp-interactive=\"web-stories-block\"\n\t\t\t\tdata-wp-context='{\"instanceId\":1}'\t\t\t\tdata-wp-on--click=\"actions.open\"\n\t\t\t\tdata-wp-on-window--popstate=\"actions.onPopstate\"\n\t\t\t\t>\n\t\t\t\t\t\t\t<div class=\"web-stories-list__story-poster\">\n\t\t\t\t<a href=\"https:\/\/atimilplast.com.br\/loja\/web-stories\/papeis-sustentaveis-atimil\/\" >\n\t\t\t\t\t<img\n\t\t\t\t\t\tsrc=\"https:\/\/atimilplast.com.br\/loja\/wp-content\/uploads\/2025\/09\/cropped-322951931_158138473632396_6484549725972817243_n.jpg\"\n\t\t\t\t\t\talt=\"Pap\u00e9is Sustent\u00e1veis Atimil\"\n\t\t\t\t\t\twidth=\"185\"\n\t\t\t\t\t\theight=\"308\"\n\t\t\t\t\t\t\t\t\t\t\t\t\t\t\t\t\t\t\tsizes=\"auto, (max-width: 640px) 100vw, 640px\"\n\t\t\t\t\t\t\t\t\t\t\t\tloading=\"lazy\"\n\t\t\t\t\t\tdecoding=\"async\"\n\t\t\t\t\t>\n\t\t\t\t<\/a>\n\t\t\t<\/div>\n\t\t\t\t\t\t<\/div>\n\t\t\t\t\t\t<div\n\t\t\t\tclass=\"web-stories-list__story\"\n\t\t\t\tdata-wp-interactive=\"web-stories-block\"\n\t\t\t\tdata-wp-context='{\"instanceId\":1}'\t\t\t\tdata-wp-on--click=\"actions.open\"\n\t\t\t\tdata-wp-on-window--popstate=\"actions.onPopstate\"\n\t\t\t\t>\n\t\t\t\t\t\t\t<div class=\"web-stories-list__story-poster\">\n\t\t\t\t<a href=\"https:\/\/atimilplast.com.br\/loja\/web-stories\/papeis-atimil-corporativos\/\" >\n\t\t\t\t\t<img\n\t\t\t\t\t\tsrc=\"https:\/\/atimilplast.com.br\/loja\/wp-content\/uploads\/2025\/09\/cropped-539895923_18397210981189918_5375887042504467667_n.jpg\"\n\t\t\t\t\t\talt=\"Pap\u00e9is Atimil Corporativos\"\n\t\t\t\t\t\twidth=\"185\"\n\t\t\t\t\t\theight=\"308\"\n\t\t\t\t\t\t\t\t\t\t\t\t\t\t\t\t\t\t\tsizes=\"auto, (max-width: 640px) 100vw, 640px\"\n\t\t\t\t\t\t\t\t\t\t\t\tloading=\"lazy\"\n\t\t\t\t\t\tdecoding=\"async\"\n\t\t\t\t\t>\n\t\t\t\t<\/a>\n\t\t\t<\/div>\n\t\t\t\t\t\t<\/div>\n\t\t\t\t\t\t<div\n\t\t\t\tclass=\"web-stories-list__story\"\n\t\t\t\tdata-wp-interactive=\"web-stories-block\"\n\t\t\t\tdata-wp-context='{\"instanceId\":1}'\t\t\t\tdata-wp-on--click=\"actions.open\"\n\t\t\t\tdata-wp-on-window--popstate=\"actions.onPopstate\"\n\t\t\t\t>\n\t\t\t\t\t\t\t<div class=\"web-stories-list__story-poster\">\n\t\t\t\t<a href=\"https:\/\/atimilplast.com.br\/loja\/web-stories\/melhores-produtos-de-limpeza\/\" >\n\t\t\t\t\t<img\n\t\t\t\t\t\tsrc=\"https:\/\/atimilplast.com.br\/loja\/wp-content\/uploads\/2025\/09\/cropped-541542969_18397466584189918_821677074463825454_n.jpg\"\n\t\t\t\t\t\talt=\"Melhores Produtos de Limpeza\"\n\t\t\t\t\t\twidth=\"185\"\n\t\t\t\t\t\theight=\"308\"\n\t\t\t\t\t\t\t\t\t\t\t\t\t\t\t\t\t\t\tsizes=\"auto, (max-width: 640px) 100vw, 640px\"\n\t\t\t\t\t\t\t\t\t\t\t\tloading=\"lazy\"\n\t\t\t\t\t\tdecoding=\"async\"\n\t\t\t\t\t>\n\t\t\t\t<\/a>\n\t\t\t<\/div>\n\t\t\t\t\t\t<\/div>\n\t\t\t\t\t\t\t\t<\/div>\n\t\t\t\t\t<div tabindex=\"0\" aria-label=\"Voltar\" class=\"glider-prev\"><\/div>\n\t\t\t\t\t<div tabindex=\"0\" aria-label=\"Avan\u00e7ar\" class=\"glider-next\"><\/div>\n\t\t\t\t\t\t\t\t<\/div>\n\t\t<\/div>\n\t\t<\/p>\n<p class=\"text-body font-regular leading-[24px] pt-[9px] pb-xxs\" dir=\"ltr\">No cen\u00e1rio din\u00e2mico da ind\u00fastria e do com\u00e9rcio, otimizar o armazenamento e a log\u00edstica \u00e9 fundamental para o sucesso. <strong>A Caixa Container 372L surge como uma poderosa aliada nesse contexto, oferecendo uma combina\u00e7\u00e3o de capacidade, durabilidade e versatilidade que atende \u00e0s demandas dos mais variados setores. <\/strong><\/p>\n<p class=\"text-body font-regular leading-[24px] pt-[9px] pb-xxs\" dir=\"ltr\">Mais do que uma simples caixa, esse container \u00e9 uma solu\u00e7\u00e3o estrat\u00e9gica para organizar, proteger e transportar uma ampla gama de materiais e produtos.<\/p>\n<figure id=\"attachment_11495\" aria-describedby=\"caption-attachment-11495\" style=\"width: 593px\" class=\"wp-caption alignnone\"><a href=\"http:\/\/atimilplast.com.br\/loja\/wp-content\/uploads\/2025\/09\/Caixa-Container-372L-Versatilidade-para-o-Seu-Negocio.png\"><img fetchpriority=\"high\" decoding=\"async\" class=\"wp-image-11495 \" src=\"http:\/\/atimilplast.com.br\/loja\/wp-content\/uploads\/2025\/09\/Caixa-Container-372L-Versatilidade-para-o-Seu-Negocio.png\" alt=\"Caixa Container 372L Versatilidade para o Seu Neg\u00f3cio\" width=\"593\" height=\"410\" \/><\/a><figcaption id=\"caption-attachment-11495\" class=\"wp-caption-text\">Caixa Container 372L Versatilidade para o Seu Neg\u00f3cio<\/figcaption><\/figure>\n<h2 class=\"font-semibold pdf-heading-class-replace text-h4 leading-[30px] pb-xxs [&amp;:not(:first-child)]:pt-[15px] [&amp;_a]:underline-offset-[6px] [&amp;_.underline]:underline-offset-[6px]\" dir=\"ltr\">Principais Caracter\u00edsticas e Benef\u00edcios<\/h2>\n<p class=\"text-body font-regular leading-[24px] pt-[9px] pb-xxs\" dir=\"ltr\">A Caixa Container 372L se destaca por diversos motivos. Normalmente fabricada em polietileno de alta densidade (PEAD), \u00e9 altamente resistente a impactos, varia\u00e7\u00f5es de temperatura e agentes qu\u00edmicos. Essa robustez garante uma longa vida \u00fatil, mesmo com uso intensivo em ambientes exigentes.<\/p>\n<p class=\"text-body font-regular leading-[24px] pt-[9px] pb-xxs\" dir=\"ltr\">Sua capacidade generosa de 372 litros permite armazenar grandes volumes, reduzindo a quantidade de containers necess\u00e1ria e otimizando o espa\u00e7o. Muitos modelos s\u00e3o empilh\u00e1veis e contam com al\u00e7as ergon\u00f4micas, o que facilita o manuseio e o transporte, seja manualmente ou utilizando equipamentos como paleteiras e empilhadeiras. Essas caracter\u00edsticas se traduzem diretamente em maior efici\u00eancia operacional e um ambiente de trabalho mais seguro.<\/p>\n<h2 class=\"font-semibold pdf-heading-class-replace text-h4 leading-[30px] pb-xxs [&amp;:not(:first-child)]:pt-[15px] [&amp;_a]:underline-offset-[6px] [&amp;_.underline]:underline-offset-[6px]\" dir=\"ltr\">Principais Aplica\u00e7\u00f5es na Ind\u00fastria<\/h2>\n<p class=\"text-body font-regular leading-[24px] pt-[9px] pb-xxs\" dir=\"ltr\">No setor industrial, a Caixa Container 372L \u00e9 uma verdadeira coringa. Suas aplica\u00e7\u00f5es s\u00e3o diversas e essenciais para manter o fluxo de trabalho organizado e produtivo.<\/p>\n<ul class=\"pt-[9px] pb-xxs pl-5xl list-disc pt-[5px]\">\n<li class=\"text-body font-regular leading-[24px] my-[5px] [&amp;&gt;ol]:!pt-0 [&amp;&gt;ol]:!pb-0 [&amp;&gt;ul]:!pt-0 [&amp;&gt;ul]:!pb-0\" dir=\"ltr\" value=\"1\"><b><strong class=\"font-semibold\">Armazenamento de Componentes e Mat\u00e9rias-primas:<\/strong><\/b> Em f\u00e1bricas e linhas de montagem, essas caixas s\u00e3o ideais para armazenar pe\u00e7as, componentes e insumos. Sua resist\u00eancia protege o conte\u00fado contra danos e contamina\u00e7\u00f5es, garantindo a qualidade desses materiais.<\/li>\n<li class=\"text-body font-regular leading-[24px] my-[5px] [&amp;&gt;ol]:!pt-0 [&amp;&gt;ol]:!pb-0 [&amp;&gt;ul]:!pt-0 [&amp;&gt;ul]:!pb-0\" dir=\"ltr\" value=\"2\"><b><strong class=\"font-semibold\">Gest\u00e3o de Res\u00edduos e Sucatas:<\/strong><\/b> A robustez do container torna-o ideal para a coleta de res\u00edduos industriais, sucatas met\u00e1licas ou materiais recicl\u00e1veis, facilitando o descarte correto e o atendimento a normas ambientais.<\/li>\n<li class=\"text-body font-regular leading-[24px] my-[5px] [&amp;&gt;ol]:!pt-0 [&amp;&gt;ol]:!pb-0 [&amp;&gt;ul]:!pt-0 [&amp;&gt;ul]:!pb-0\" dir=\"ltr\" value=\"3\"><b><strong class=\"font-semibold\">Log\u00edstica Interna:<\/strong><\/b> Utilizada para movimentar produtos semiacabados entre diferentes etapas da produ\u00e7\u00e3o, a caixa agiliza o transporte interno e mant\u00e9m o fluxo da linha produtiva.<\/li>\n<\/ul>\n<h2 class=\"font-semibold pdf-heading-class-replace text-h4 leading-[30px] pb-xxs [&amp;:not(:first-child)]:pt-[15px] [&amp;_a]:underline-offset-[6px] [&amp;_.underline]:underline-offset-[6px]\" dir=\"ltr\">Usos Pr\u00e1ticos no Com\u00e9rcio<\/h2>\n<p class=\"text-body font-regular leading-[24px] pt-[9px] pb-xxs\" dir=\"ltr\">O setor comercial tamb\u00e9m se beneficia bastante da praticidade da Caixa Container 372L. De grandes varejistas a pequenos com\u00e9rcios, sua utilidade \u00e9 indiscut\u00edvel.<\/p>\n<ul class=\"pt-[9px] pb-xxs pl-5xl list-disc pt-[5px]\">\n<li class=\"text-body font-regular leading-[24px] my-[5px] [&amp;&gt;ol]:!pt-0 [&amp;&gt;ol]:!pb-0 [&amp;&gt;ul]:!pt-0 [&amp;&gt;ul]:!pb-0\" dir=\"ltr\" value=\"1\"><b><strong class=\"font-semibold\">Organiza\u00e7\u00e3o de Estoque:<\/strong><\/b> Em dep\u00f3sitos e almoxarifados, essas caixas s\u00e3o essenciais para separar e organizar produtos. Protegem as mercadorias da poeira e umidade, facilitando tamb\u00e9m o controle de invent\u00e1rio. Grandes redes de varejo costumam us\u00e1-las para gerenciar estoques sazonais ou itens promocionais.<\/li>\n<li class=\"text-body font-regular leading-[24px] my-[5px] [&amp;&gt;ol]:!pt-0 [&amp;&gt;ol]:!pb-0 [&amp;&gt;ul]:!pt-0 [&amp;&gt;ul]:!pb-0\" dir=\"ltr\" value=\"2\"><b><strong class=\"font-semibold\">Transporte Entre Filiais:<\/strong><\/b> Para empresas com m\u00faltiplas unidades, essas caixas s\u00e3o perfeitas para transportar mercadorias de forma segura entre o centro de distribui\u00e7\u00e3o e as lojas, minimizando perdas por danos durante o transporte.<\/li>\n<li class=\"text-body font-regular leading-[24px] my-[5px] [&amp;&gt;ol]:!pt-0 [&amp;&gt;ol]:!pb-0 [&amp;&gt;ul]:!pt-0 [&amp;&gt;ul]:!pb-0\" dir=\"ltr\" value=\"3\"><b><strong class=\"font-semibold\">Supermercados e Atacadistas:<\/strong><\/b> No setor aliment\u00edcio, s\u00e3o muito utilizadas para o transporte de frutas, hortali\u00e7as e outros produtos n\u00e3o perec\u00edveis. A facilidade de higieniza\u00e7\u00e3o contribui para manter os padr\u00f5es de limpeza, algo fundamental nesse segmento.<\/li>\n<\/ul>\n<p class=\"text-body font-regular leading-[24px] pt-[9px] pb-xxs\" dir=\"ltr\">Em resumo, a <a href=\"https:\/\/Caixa Container 372L\" target=\"_blank\" rel=\"noopener\">Caixa Container 372L<\/a> \u00e9 um investimento inteligente para qualquer empresa que queira aprimorar seus processos de armazenamento e log\u00edstica. Sua combina\u00e7\u00e3o de alta capacidade, durabilidade e design pr\u00e1tico oferece uma solu\u00e7\u00e3o econ\u00f4mica que amplia a efici\u00eancia, a organiza\u00e7\u00e3o e a seguran\u00e7a em diferentes opera\u00e7\u00f5es industriais e comerciais.<\/p>\n","protected":false},"excerpt":{"rendered":"<p>No cen\u00e1rio din\u00e2mico da ind\u00fastria e do com\u00e9rcio, otimizar o armazenamento e a log\u00edstica \u00e9 fundamental para o sucesso. A Caixa Container 372L surge como uma poderosa aliada nesse contexto, oferecendo uma combina\u00e7\u00e3o de capacidade, durabilidade e versatilidade que atende \u00e0s demandas dos mais variados setores. Mais do que uma simples caixa, esse container \u00e9 &hellip; <a href=\"https:\/\/atimilplast.com.br\/loja\/caixa-container-372l-versatilidade-para-o-seu-negocio\/\" class=\"more-link\">Continue reading <span class=\"screen-reader-text\">Caixa Container 372L: Versatilidade para o Seu Neg\u00f3cio<\/span><\/a><\/p>\n","protected":false},"author":5,"featured_media":11495,"comment_status":"open","ping_status":"open","sticky":false,"template":"","format":"standard","meta":{"_acf_changed":false,"footnotes":""},"categories":[1],"tags":[],"class_list":["post-11494","post","type-post","status-publish","format-standard","has-post-thumbnail","hentry","category-atimil-plast"],"acf":[],"_links":{"self":[{"href":"https:\/\/atimilplast.com.br\/loja\/wp-json\/wp\/v2\/posts\/11494","targetHints":{"allow":["GET"]}}],"collection":[{"href":"https:\/\/atimilplast.com.br\/loja\/wp-json\/wp\/v2\/posts"}],"about":[{"href":"https:\/\/atimilplast.com.br\/loja\/wp-json\/wp\/v2\/types\/post"}],"author":[{"embeddable":true,"href":"https:\/\/atimilplast.com.br\/loja\/wp-json\/wp\/v2\/users\/5"}],"replies":[{"embeddable":true,"href":"https:\/\/atimilplast.com.br\/loja\/wp-json\/wp\/v2\/comments?post=11494"}],"version-history":[{"count":2,"href":"https:\/\/atimilplast.com.br\/loja\/wp-json\/wp\/v2\/posts\/11494\/revisions"}],"predecessor-version":[{"id":11497,"href":"https:\/\/atimilplast.com.br\/loja\/wp-json\/wp\/v2\/posts\/11494\/revisions\/11497"}],"wp:featuredmedia":[{"embeddable":true,"href":"https:\/\/atimilplast.com.br\/loja\/wp-json\/wp\/v2\/media\/11495"}],"wp:attachment":[{"href":"https:\/\/atimilplast.com.br\/loja\/wp-json\/wp\/v2\/media?parent=11494"}],"wp:term":[{"taxonomy":"category","embeddable":true,"href":"https:\/\/atimilplast.com.br\/loja\/wp-json\/wp\/v2\/categories?post=11494"},{"taxonomy":"post_tag","embeddable":true,"href":"https:\/\/atimilplast.com.br\/loja\/wp-json\/wp\/v2\/tags?post=11494"}],"curies":[{"name":"wp","href":"https:\/\/api.w.org\/{rel}","templated":true}]}}