{"id":9761,"date":"2025-05-07T11:49:32","date_gmt":"2025-05-07T14:49:32","guid":{"rendered":"https:\/\/atimilplast.com.br\/loja\/?p=9761"},"modified":"2025-09-29T07:31:59","modified_gmt":"2025-09-29T10:31:59","slug":"a-jornada-do-residuo-ao-produto-reciclado","status":"publish","type":"post","link":"https:\/\/atimilplast.com.br\/loja\/a-jornada-do-residuo-ao-produto-reciclado\/","title":{"rendered":"A Jornada do res\u00edduo ao produto reciclado"},"content":{"rendered":"\r\n\t\t<div class=\"web-stories-list alignnone has-archive-link is-view-type-circles is-style-default is-carousel\" data-id=\"1\">\n\t\t\t<div\n\t\t\tclass=\"web-stories-list__inner-wrapper carousel-1\"\n\t\t\tstyle=\"--ws-circle-size:150px\"\n\t\t\t>\n\t\t\t\t\t\t\t\t\t<div\n\t\t\t\t\tclass=\"web-stories-list__carousel circles\"\n\t\t\t\t\tdata-id=\"carousel-1\"\n\t\t\t\t\tdata-prev=\"Voltar\"\n\t\t\t\t\tdata-next=\"Avan\u00e7ar\"\n\t\t\t\t\t>\n\t\t\t\t\t\t\t\t\t<div\n\t\t\t\tclass=\"web-stories-list__story\"\n\t\t\t\tdata-wp-interactive=\"web-stories-block\"\n\t\t\t\tdata-wp-context='{\"instanceId\":1}'\t\t\t\tdata-wp-on--click=\"actions.open\"\n\t\t\t\tdata-wp-on-window--popstate=\"actions.onPopstate\"\n\t\t\t\t>\n\t\t\t\t\t\t\t<div class=\"web-stories-list__story-poster\">\n\t\t\t\t<a href=\"https:\/\/atimilplast.com.br\/loja\/web-stories\/suprimentos-corporativos\/\" >\n\t\t\t\t\t<img\n\t\t\t\t\t\tsrc=\"https:\/\/atimilplast.com.br\/loja\/wp-content\/uploads\/2025\/09\/cropped-323168054_482064950767230_4727538702391545176_n.jpg\"\n\t\t\t\t\t\talt=\"Suprimentos Corporativos\"\n\t\t\t\t\t\twidth=\"185\"\n\t\t\t\t\t\theight=\"308\"\n\t\t\t\t\t\t\t\t\t\t\t\t\t\t\t\t\t\t\tsizes=\"auto, (max-width: 640px) 100vw, 640px\"\n\t\t\t\t\t\t\t\t\t\t\t\tloading=\"lazy\"\n\t\t\t\t\t\tdecoding=\"async\"\n\t\t\t\t\t>\n\t\t\t\t<\/a>\n\t\t\t<\/div>\n\t\t\t\t\t\t<\/div>\n\t\t\t\t\t\t<div\n\t\t\t\tclass=\"web-stories-list__story\"\n\t\t\t\tdata-wp-interactive=\"web-stories-block\"\n\t\t\t\tdata-wp-context='{\"instanceId\":1}'\t\t\t\tdata-wp-on--click=\"actions.open\"\n\t\t\t\tdata-wp-on-window--popstate=\"actions.onPopstate\"\n\t\t\t\t>\n\t\t\t\t\t\t\t<div class=\"web-stories-list__story-poster\">\n\t\t\t\t<a href=\"https:\/\/atimilplast.com.br\/loja\/web-stories\/produtos-quimicos-de-limpeza\/\" >\n\t\t\t\t\t<img\n\t\t\t\t\t\tsrc=\"https:\/\/atimilplast.com.br\/loja\/wp-content\/uploads\/2025\/09\/cropped-323094635_872796623912234_7221797355871220470_n.jpg\"\n\t\t\t\t\t\talt=\"Produtos Qu\u00edmicos de Limpeza\"\n\t\t\t\t\t\twidth=\"185\"\n\t\t\t\t\t\theight=\"308\"\n\t\t\t\t\t\t\t\t\t\t\t\t\t\t\t\t\t\t\tsizes=\"auto, (max-width: 640px) 100vw, 640px\"\n\t\t\t\t\t\t\t\t\t\t\t\tloading=\"lazy\"\n\t\t\t\t\t\tdecoding=\"async\"\n\t\t\t\t\t>\n\t\t\t\t<\/a>\n\t\t\t<\/div>\n\t\t\t\t\t\t<\/div>\n\t\t\t\t\t\t<div\n\t\t\t\tclass=\"web-stories-list__story\"\n\t\t\t\tdata-wp-interactive=\"web-stories-block\"\n\t\t\t\tdata-wp-context='{\"instanceId\":1}'\t\t\t\tdata-wp-on--click=\"actions.open\"\n\t\t\t\tdata-wp-on-window--popstate=\"actions.onPopstate\"\n\t\t\t\t>\n\t\t\t\t\t\t\t<div class=\"web-stories-list__story-poster\">\n\t\t\t\t<a href=\"https:\/\/atimilplast.com.br\/loja\/web-stories\/papeis-sustentaveis-atimil\/\" >\n\t\t\t\t\t<img\n\t\t\t\t\t\tsrc=\"https:\/\/atimilplast.com.br\/loja\/wp-content\/uploads\/2025\/09\/cropped-322951931_158138473632396_6484549725972817243_n.jpg\"\n\t\t\t\t\t\talt=\"Pap\u00e9is Sustent\u00e1veis Atimil\"\n\t\t\t\t\t\twidth=\"185\"\n\t\t\t\t\t\theight=\"308\"\n\t\t\t\t\t\t\t\t\t\t\t\t\t\t\t\t\t\t\tsizes=\"auto, (max-width: 640px) 100vw, 640px\"\n\t\t\t\t\t\t\t\t\t\t\t\tloading=\"lazy\"\n\t\t\t\t\t\tdecoding=\"async\"\n\t\t\t\t\t>\n\t\t\t\t<\/a>\n\t\t\t<\/div>\n\t\t\t\t\t\t<\/div>\n\t\t\t\t\t\t<div\n\t\t\t\tclass=\"web-stories-list__story\"\n\t\t\t\tdata-wp-interactive=\"web-stories-block\"\n\t\t\t\tdata-wp-context='{\"instanceId\":1}'\t\t\t\tdata-wp-on--click=\"actions.open\"\n\t\t\t\tdata-wp-on-window--popstate=\"actions.onPopstate\"\n\t\t\t\t>\n\t\t\t\t\t\t\t<div class=\"web-stories-list__story-poster\">\n\t\t\t\t<a href=\"https:\/\/atimilplast.com.br\/loja\/web-stories\/papeis-atimil-corporativos\/\" >\n\t\t\t\t\t<img\n\t\t\t\t\t\tsrc=\"https:\/\/atimilplast.com.br\/loja\/wp-content\/uploads\/2025\/09\/cropped-539895923_18397210981189918_5375887042504467667_n.jpg\"\n\t\t\t\t\t\talt=\"Pap\u00e9is Atimil Corporativos\"\n\t\t\t\t\t\twidth=\"185\"\n\t\t\t\t\t\theight=\"308\"\n\t\t\t\t\t\t\t\t\t\t\t\t\t\t\t\t\t\t\tsizes=\"auto, (max-width: 640px) 100vw, 640px\"\n\t\t\t\t\t\t\t\t\t\t\t\tloading=\"lazy\"\n\t\t\t\t\t\tdecoding=\"async\"\n\t\t\t\t\t>\n\t\t\t\t<\/a>\n\t\t\t<\/div>\n\t\t\t\t\t\t<\/div>\n\t\t\t\t\t\t<div\n\t\t\t\tclass=\"web-stories-list__story\"\n\t\t\t\tdata-wp-interactive=\"web-stories-block\"\n\t\t\t\tdata-wp-context='{\"instanceId\":1}'\t\t\t\tdata-wp-on--click=\"actions.open\"\n\t\t\t\tdata-wp-on-window--popstate=\"actions.onPopstate\"\n\t\t\t\t>\n\t\t\t\t\t\t\t<div class=\"web-stories-list__story-poster\">\n\t\t\t\t<a href=\"https:\/\/atimilplast.com.br\/loja\/web-stories\/melhores-produtos-de-limpeza\/\" >\n\t\t\t\t\t<img\n\t\t\t\t\t\tsrc=\"https:\/\/atimilplast.com.br\/loja\/wp-content\/uploads\/2025\/09\/cropped-541542969_18397466584189918_821677074463825454_n.jpg\"\n\t\t\t\t\t\talt=\"Melhores Produtos de Limpeza\"\n\t\t\t\t\t\twidth=\"185\"\n\t\t\t\t\t\theight=\"308\"\n\t\t\t\t\t\t\t\t\t\t\t\t\t\t\t\t\t\t\tsizes=\"auto, (max-width: 640px) 100vw, 640px\"\n\t\t\t\t\t\t\t\t\t\t\t\tloading=\"lazy\"\n\t\t\t\t\t\tdecoding=\"async\"\n\t\t\t\t\t>\n\t\t\t\t<\/a>\n\t\t\t<\/div>\n\t\t\t\t\t\t<\/div>\n\t\t\t\t\t\t\t\t<\/div>\n\t\t\t\t\t<div tabindex=\"0\" aria-label=\"Voltar\" class=\"glider-prev\"><\/div>\n\t\t\t\t\t<div tabindex=\"0\" aria-label=\"Avan\u00e7ar\" class=\"glider-next\"><\/div>\n\t\t\t\t\t\t\t\t<\/div>\n\t\t<\/div>\n\t\t\r\n<p>Diariamente, toneladas de pl\u00e1stico s\u00e3o descartadas ao redor do mundo, mas poucos reconhecem o potencial que esse res\u00edduo tem para ser reaproveitado.<\/p>\r\n\r\n\r\n\r\n<p>A Atmil Plast dedica-se \u00e0 transforma\u00e7\u00e3o desse desperd\u00edcio em solu\u00e7\u00f5es pr\u00e1ticas, resistentes e, acima de tudo, sustent\u00e1veis para um futuro mais consciente.<\/p>\r\n\r\n\r\n\r\n<p>Com forte compromisso ambiental, a empresa atua para reduzir a quantidade de pl\u00e1stico que vai parar em aterros sanit\u00e1rios, promovendo a economia circular e diminuindo os impactos no meio ambiente.<\/p>\r\n\r\n\r\n\r\n<p>Este trabalho faz com que o pl\u00e1stico descartado ganhe um novo prop\u00f3sito, substituindo materiais tradicionais e contribuindo para pr\u00e1ticas mais respons\u00e1veis nas empresas.<\/p>\r\n<figure id=\"attachment_9762\" aria-describedby=\"caption-attachment-9762\" style=\"width: 553px\" class=\"wp-caption alignnone\"><a href=\"http:\/\/atimilplast.com.br\/loja\/wp-content\/uploads\/2025\/05\/A-Jornada-do-residuo-ao-produto-reciclado.jpg\"><img fetchpriority=\"high\" decoding=\"async\" class=\"wp-image-9762 \" src=\"http:\/\/atimilplast.com.br\/loja\/wp-content\/uploads\/2025\/05\/A-Jornada-do-residuo-ao-produto-reciclado.jpg\" alt=\"A-Jornada-do-res\u00edduo-ao-produto-reciclado\" width=\"553\" height=\"369\" \/><\/a><figcaption id=\"caption-attachment-9762\" class=\"wp-caption-text\">A-Jornada-do-res\u00edduo-ao-produto-reciclado<\/figcaption><\/figure>\r\n\r\n\r\n\r\n<h2 class=\"wp-block-heading\">O Processo de reciclagem<\/h2>\r\n\r\n\r\n\r\n<p>O ciclo de reciclagem come\u00e7a com o descarte correto de pl\u00e1sticos pela popula\u00e7\u00e3o. Esses materiais s\u00e3o coletados e passam por etapas rigorosas de triagem para garantir a separa\u00e7\u00e3o de impurezas. Ap\u00f3s a triagem, os res\u00edduos s\u00e3o limpos e triturados, transformando-se em uma mat\u00e9ria-prima reutiliz\u00e1vel chamada pl\u00e1stico reciclado.<\/p>\r\n\r\n\r\n\r\n<p>Essa mat\u00e9ria-prima serve como base para a produ\u00e7\u00e3o de diversos produtos. A Atmil Plast utiliza essa abordagem para transformar itens que seriam descartados em novos produtos \u00fateis, reduzindo significativamente o impacto ambiental.<\/p>\r\n\r\n\r\n\r\n<h2 class=\"wp-block-heading\">Produtos \u00fateis e sustent\u00e1veis<\/h2>\r\n\r\n\r\n\r\n<p>A partir do pl\u00e1stico reciclado, a Atmil Plast fabrica uma gama de produtos que v\u00e3o al\u00e9m da sustentabilidade, oferecendo qualidade, resist\u00eancia e funcionalidades adapt\u00e1veis \u00e0s necessidades corporativas e institucionais.<\/p>\r\n\r\n\r\n\r\n<h2 class=\"wp-block-heading\">Pallets de pl\u00e1stico reciclado<\/h2>\r\n\r\n\r\n\r\n<p>Dentre os produtos mais procurados est\u00e3o os pallets de pl\u00e1stico reciclado. Eles apresentam in\u00fameras vantagens em rela\u00e7\u00e3o aos feitos de madeira. S\u00e3o mais leves, resistentes a impactos e produtos qu\u00edmicos, n\u00e3o geram farpas, n\u00e3o absorvem umidade e s\u00e3o muito f\u00e1ceis de higienizar. Essas caracter\u00edsticas tornam os pallets ideais para armazenamento e transporte em ind\u00fastrias, com\u00e9rcios e outras aplica\u00e7\u00f5es log\u00edsticas.<\/p>\r\n\r\n\r\n\r\n<h2 class=\"wp-block-heading\">Lixeiras de coleta seletiva<\/h2>\r\n\r\n\r\n\r\n<p>Outro produto de destaque s\u00e3o as lixeiras de coleta seletiva. Concebidas em cores padronizadas, elas facilitam a separa\u00e7\u00e3o eficiente de res\u00edduos, corroborando a ado\u00e7\u00e3o de pr\u00e1ticas de sustentabilidade em diversos ambientes. Empresas, hospitais, escolas e condom\u00ednios utilizam essas lixeiras para incentivar a reciclagem, tornando os ambientes mais organizados e ambientalmente conscientes.<\/p>\r\n\r\n\r\n\r\n<h2 class=\"wp-block-heading\">Benef\u00edcios do pl\u00e1stico reciclado<\/h2>\r\n\r\n\r\n\r\n<p>Os produtos da Atmil Plast se destacam n\u00e3o apenas por sua utilidade, mas por suas vantagens em termos de sustentabilidade. Cada produto desempenha um papel fundamental na redu\u00e7\u00e3o do desperd\u00edcio de pl\u00e1stico, preserva\u00e7\u00e3o de recursos naturais e incentivo ao reaproveitamento.<\/p>\r\n\r\n\r\n\r\n<ul class=\"wp-block-list\">\r\n<li>Menor quantidade de res\u00edduos descartados em aterros sanit\u00e1rios<\/li>\r\n\r\n\r\n\r\n<li>Prolongamento do ciclo de vida do pl\u00e1stico<\/li>\r\n\r\n\r\n\r\n<li>Redu\u00e7\u00e3o no consumo de energia e emiss\u00f5es na produ\u00e7\u00e3o<\/li>\r\n\r\n\r\n\r\n<li>Substitui\u00e7\u00e3o de materiais menos sustent\u00e1veis como madeira<\/li>\r\n<\/ul>\r\n\r\n\r\n\r\n<h2 class=\"wp-block-heading\">Compromisso ambiental e economia circular<\/h2>\r\n\r\n\r\n\r\n<p>O compromisso da Atmil Plast vai al\u00e9m da fabrica\u00e7\u00e3o de produtos. A empresa adota pr\u00e1ticas industriais que reduzem o consumo de recursos como \u00e1gua e energia, al\u00e9m de minimizar a emiss\u00e3o de carbono. Isso contribui efetivamente para um modelo de economia circular, onde res\u00edduos voltam ao ciclo produtivo como novos produtos.<\/p>\r\n\r\n\r\n\r\n<h2 class=\"wp-block-heading\">Considera\u00e7\u00f5es<\/h2>\r\n\r\n\r\n\r\n<p>Ao adquirir produtos da Atmil Plast, empresas e institui\u00e7\u00f5es fazem parte de uma solu\u00e7\u00e3o maior. Elas se engajam em a\u00e7\u00f5es sustent\u00e1veis que preservam o meio ambiente e incentivam novas pr\u00e1ticas em toda a cadeia produtiva. Cada produto adquirido \u00e9 um passo em dire\u00e7\u00e3o ao futuro consciente que todos desejamos construir.<\/p>\r\n\r\n\r\n\r\n<p><strong>Reciclar n\u00e3o \u00e9 apenas uma pr\u00e1tica, mas um compromisso coletivo. Com a Atmil Plast, o pl\u00e1stico ganha nova vida enquanto o planeta agradece.<\/strong><\/p>\r\n\r\n\r\n\r\n<p>Veja tamb\u00e9m:<\/p>\r\n\r\n\r\n\r\n<p><a href=\"https:\/\/atimilplast.sandboxclientes.site\/para-que-servem-os-pallets-de-plastico\/\" target=\"_blank\" rel=\"noopener\">Para que servem os pallets de pl\u00e1stico<\/a><\/p>\r\n\r\n\r\n\r\n<p><a href=\"https:\/\/atimilplast.sandboxclientes.site\/quais-sao-os-diferentes-tipos-de-lixeiras-seletivas-e-suas-cores-na-coleta-seletiva\/\" target=\"_blank\" rel=\"noopener\">Quais s\u00e3o os diferentes tipos de lixeiras seletivas e suas cores na coleta seletiva?<\/a><\/p>\r\n\r\n\r\n\r\n<p><a href=\"https:\/\/atimilplast.sandboxclientes.site\/capacidade-de-carga-dos-pallets-de-plastico-e-como-escolher-o-ideal\/\" target=\"_blank\" rel=\"noopener\">Capacidade de carga dos pallets de pl\u00e1stico e como escolher o ideal?<\/a><\/p>\r\n","protected":false},"excerpt":{"rendered":"<p>Diariamente, toneladas de pl\u00e1stico s\u00e3o descartadas ao redor do mundo, mas poucos reconhecem o potencial que esse res\u00edduo tem para ser reaproveitado. A Atmil Plast dedica-se \u00e0 transforma\u00e7\u00e3o desse desperd\u00edcio em solu\u00e7\u00f5es pr\u00e1ticas, resistentes e, acima de tudo, sustent\u00e1veis para um futuro mais consciente. Com forte compromisso ambiental, a empresa atua para reduzir a quantidade &hellip; <a href=\"https:\/\/atimilplast.com.br\/loja\/a-jornada-do-residuo-ao-produto-reciclado\/\" class=\"more-link\">Continue reading <span class=\"screen-reader-text\">A Jornada do res\u00edduo ao produto reciclado<\/span><\/a><\/p>\n","protected":false},"author":5,"featured_media":9762,"comment_status":"open","ping_status":"open","sticky":false,"template":"","format":"standard","meta":{"_acf_changed":false,"footnotes":""},"categories":[1],"tags":[],"class_list":["post-9761","post","type-post","status-publish","format-standard","has-post-thumbnail","hentry","category-atimil-plast"],"acf":[],"_links":{"self":[{"href":"https:\/\/atimilplast.com.br\/loja\/wp-json\/wp\/v2\/posts\/9761","targetHints":{"allow":["GET"]}}],"collection":[{"href":"https:\/\/atimilplast.com.br\/loja\/wp-json\/wp\/v2\/posts"}],"about":[{"href":"https:\/\/atimilplast.com.br\/loja\/wp-json\/wp\/v2\/types\/post"}],"author":[{"embeddable":true,"href":"https:\/\/atimilplast.com.br\/loja\/wp-json\/wp\/v2\/users\/5"}],"replies":[{"embeddable":true,"href":"https:\/\/atimilplast.com.br\/loja\/wp-json\/wp\/v2\/comments?post=9761"}],"version-history":[{"count":2,"href":"https:\/\/atimilplast.com.br\/loja\/wp-json\/wp\/v2\/posts\/9761\/revisions"}],"predecessor-version":[{"id":11425,"href":"https:\/\/atimilplast.com.br\/loja\/wp-json\/wp\/v2\/posts\/9761\/revisions\/11425"}],"wp:featuredmedia":[{"embeddable":true,"href":"https:\/\/atimilplast.com.br\/loja\/wp-json\/wp\/v2\/media\/9762"}],"wp:attachment":[{"href":"https:\/\/atimilplast.com.br\/loja\/wp-json\/wp\/v2\/media?parent=9761"}],"wp:term":[{"taxonomy":"category","embeddable":true,"href":"https:\/\/atimilplast.com.br\/loja\/wp-json\/wp\/v2\/categories?post=9761"},{"taxonomy":"post_tag","embeddable":true,"href":"https:\/\/atimilplast.com.br\/loja\/wp-json\/wp\/v2\/tags?post=9761"}],"curies":[{"name":"wp","href":"https:\/\/api.w.org\/{rel}","templated":true}]}}